{"id":70511,"date":"2025-11-01T00:03:37","date_gmt":"2025-11-01T00:03:37","guid":{"rendered":"https:\/\/lahora.mx\/?p=70511"},"modified":"2025-11-01T00:03:40","modified_gmt":"2025-11-01T00:03:40","slug":"este-lunes-3-de-noviembre-inicia-horario-de-invierno-en-escuelas-de-educacion-obligatoria","status":"publish","type":"post","link":"https:\/\/lahora.mx\/index.php\/2025\/11\/01\/este-lunes-3-de-noviembre-inicia-horario-de-invierno-en-escuelas-de-educacion-obligatoria\/","title":{"rendered":"Este lunes 3 de noviembre inicia horario de invierno en escuelas de educaci\u00f3n obligatoria"},"content":{"rendered":"\n<p>Ante el descenso de temperaturas que prev\u00e9 la Comisi\u00f3n Nacional del Agua (CONAGUA), debido a la presencia del fen\u00f3meno clim\u00e1tico de la \u201cNi\u00f1a\u201d, y para evitar enfermedades respiratorias, a partir del lunes 3 de noviembre del presente a\u00f1o iniciar\u00e1 el horario de invierno en escuelas de educaci\u00f3n obligatoria de toda la entidad, mismo que concluir\u00e1 el 27 de febrero del 2026, informa la Secretar\u00eda de Educaci\u00f3n P\u00fablica del Estado.<\/p>\n\n\n\n<p>Con esta medida, el horario de ingreso y egreso de planteles educativos se recorrer\u00e1 30 minutos, y quedar\u00e1 de la siguiente manera por nivel educativo:<\/p>\n\n\n\n<p>Inicial escolarizado entrada 8:30 h., salida 15:30 h.<br>Preescolar turno matutino entrada 9:30 h., salida 12:30 h.<br>Preescolar turno vespertino entrada 13:30 h., salida 16:30 h.<br>Primaria turno matutino entrada 8:30 h., salida 13:30 h.<br>Primaria turno vespertino entrada 13:45 h., salida 18:30 h.<br>Secundaria General turno matutino entrada 7:30 h., salida 13:30 h.<br>Secundaria General turno vespertino entrada 13:40 h., salida 19:30 h.<br>Secundaria T\u00e9cnica turno matutino entrada 7:30 h., salida 13:45 h.<br>Secundaria T\u00e9cnica turno vespertino entrada 14:00 h., salida 20:00h.<br>Es importante destacar que la comunidad escolar puede portar prendas adicionales al uniforme habitual como: chamarras, bufandas, gorras, guantes entre otros que les permitan protegerse de la temporada invernal.<\/p>\n\n\n\n<p>En este mismo orden de ideas, las y los directores de los planteles educativos podr\u00e1n reorientar los horarios de las actividades de educaci\u00f3n f\u00edsica que de manera regular se realizan al aire libre, con la finalidad de que se desarrollen en espacios que protejan a las y los alumnos del fr\u00edo.<\/p>\n\n\n\n<p>La dependencia se mantendr\u00e1 atenta al cumplimiento de esta disposici\u00f3n en las instituciones educativas. Asimismo, exhorta a las madres, padres y tutores a velar por la salud de sus hijas e hijos y, en caso de identificar s\u00edntomas de enfermedades respiratorias, acudir a la cl\u00ednica de salud m\u00e1s cercana a su domicilio e informar de la situaci\u00f3n a la direcci\u00f3n del plantel educativo.<\/p>\n","protected":false},"excerpt":{"rendered":"<p>Ante el descenso de temperaturas que prev\u00e9 la Comisi\u00f3n Nacional del Agua (CONAGUA), debido a la presencia del fen\u00f3meno clim\u00e1tico de la \u201cNi\u00f1a\u201d, y para evitar enfermedades respiratorias, a partir del lunes 3 de noviembre del presente a\u00f1o iniciar\u00e1 el horario de invierno en escuelas de educaci\u00f3n obligatoria de toda la entidad, mismo que concluir\u00e1 [&hellip;]<\/p>\n","protected":false},"author":1,"featured_media":70512,"comment_status":"open","ping_status":"open","sticky":false,"template":"","format":"standard","meta":{"om_disable_all_campaigns":false,"_monsterinsights_skip_tracking":false,"_monsterinsights_sitenote_active":false,"_monsterinsights_sitenote_note":"","_monsterinsights_sitenote_category":0,"footnotes":""},"categories":[176],"tags":[195,223],"class_list":["post-70511","post","type-post","status-publish","format-standard","has-post-thumbnail","hentry","category-nacional","tag-principal","tag-puebla"],"amp_enabled":true,"_links":{"self":[{"href":"https:\/\/lahora.mx\/index.php\/wp-json\/wp\/v2\/posts\/70511","targetHints":{"allow":["GET"]}}],"collection":[{"href":"https:\/\/lahora.mx\/index.php\/wp-json\/wp\/v2\/posts"}],"about":[{"href":"https:\/\/lahora.mx\/index.php\/wp-json\/wp\/v2\/types\/post"}],"author":[{"embeddable":true,"href":"https:\/\/lahora.mx\/index.php\/wp-json\/wp\/v2\/users\/1"}],"replies":[{"embeddable":true,"href":"https:\/\/lahora.mx\/index.php\/wp-json\/wp\/v2\/comments?post=70511"}],"version-history":[{"count":1,"href":"https:\/\/lahora.mx\/index.php\/wp-json\/wp\/v2\/posts\/70511\/revisions"}],"predecessor-version":[{"id":70513,"href":"https:\/\/lahora.mx\/index.php\/wp-json\/wp\/v2\/posts\/70511\/revisions\/70513"}],"wp:featuredmedia":[{"embeddable":true,"href":"https:\/\/lahora.mx\/index.php\/wp-json\/wp\/v2\/media\/70512"}],"wp:attachment":[{"href":"https:\/\/lahora.mx\/index.php\/wp-json\/wp\/v2\/media?parent=70511"}],"wp:term":[{"taxonomy":"category","embeddable":true,"href":"https:\/\/lahora.mx\/index.php\/wp-json\/wp\/v2\/categories?post=70511"},{"taxonomy":"post_tag","embeddable":true,"href":"https:\/\/lahora.mx\/index.php\/wp-json\/wp\/v2\/tags?post=70511"}],"curies":[{"name":"wp","href":"https:\/\/api.w.org\/{rel}","templated":true}]}}