{"id":70438,"date":"2025-10-30T16:37:07","date_gmt":"2025-10-30T16:37:07","guid":{"rendered":"https:\/\/lahora.mx\/?p=70438"},"modified":"2025-10-30T16:41:02","modified_gmt":"2025-10-30T16:41:02","slug":"detenidos-en-cateo-en-la-ciudad-de-puebla","status":"publish","type":"post","link":"https:\/\/lahora.mx\/index.php\/2025\/10\/30\/detenidos-en-cateo-en-la-ciudad-de-puebla\/","title":{"rendered":"Detenidos en cateo en la ciudad de Puebla"},"content":{"rendered":"\n<p>El Juez de Control determin\u00f3 con base en los argumentos aportados por la Fiscal\u00eda General del Estado, la vinculaci\u00f3n a proceso de Jos\u00e9 Alejandro N., Jos\u00e9 Luis N. y Eric German N., como probables responsables de delitos contra la salud en su modalidad de posesi\u00f3n de los narc\u00f3ticos denominados metanfetamina y hero\u00edna <\/p>\n\n\n\n<p>El Juez de Control otorg\u00f3 la orden de cateo, luego de que agentes de investigaci\u00f3n realizaron labores de campo e inteligencia, derivado de una denuncia an\u00f3nima respecto de venta narc\u00f3ticos en un inmueble ubicado en la colonia Buenavista de la ciudad de Puebla, logrando recabar diversos datos de prueba.<\/p>\n\n\n\n<p>Al ejecutarse el mandato judicial, fueron detenidas las tres personas en posesi\u00f3n de 27 envoltorios con sustancia granulada con caracter\u00edsticas similares al cristal y 15 envoltorios con sustancia color negro, con caracter\u00edsticas similares a la hero\u00edna.<\/p>\n\n\n\n<p>Derivado de lo anterior, los detenidos, el inmueble y los indicios quedaron a disposici\u00f3n del agente del Ministerio P\u00fablico, autoridad que ejercit\u00f3 acci\u00f3n penal en su contra.<\/p>\n\n\n\n<p>Posteriormente, el Juez de Control determin\u00f3 la vinculaci\u00f3n a proceso de las tres personas y otorg\u00f3 prisi\u00f3n preventiva oficiosa en su contra como medida cautelar, esto gracias al trabajo de las Coordinaciones de Litigaci\u00f3n y Flagrancia.<\/p>\n","protected":false},"excerpt":{"rendered":"<p>El Juez de Control determin\u00f3 con base en los argumentos aportados por la Fiscal\u00eda General del Estado, la vinculaci\u00f3n a proceso de Jos\u00e9 Alejandro N., Jos\u00e9 Luis N. y Eric German N., como probables responsables de delitos contra la salud en su modalidad de posesi\u00f3n de los narc\u00f3ticos denominados metanfetamina y hero\u00edna El Juez de [&hellip;]<\/p>\n","protected":false},"author":1,"featured_media":70441,"comment_status":"open","ping_status":"open","sticky":false,"template":"","format":"standard","meta":{"om_disable_all_campaigns":false,"_monsterinsights_skip_tracking":false,"_monsterinsights_sitenote_active":false,"_monsterinsights_sitenote_note":"","_monsterinsights_sitenote_category":0,"footnotes":""},"categories":[175],"tags":[],"class_list":["post-70438","post","type-post","status-publish","format-standard","has-post-thumbnail","hentry","category-local"],"amp_enabled":true,"_links":{"self":[{"href":"https:\/\/lahora.mx\/index.php\/wp-json\/wp\/v2\/posts\/70438","targetHints":{"allow":["GET"]}}],"collection":[{"href":"https:\/\/lahora.mx\/index.php\/wp-json\/wp\/v2\/posts"}],"about":[{"href":"https:\/\/lahora.mx\/index.php\/wp-json\/wp\/v2\/types\/post"}],"author":[{"embeddable":true,"href":"https:\/\/lahora.mx\/index.php\/wp-json\/wp\/v2\/users\/1"}],"replies":[{"embeddable":true,"href":"https:\/\/lahora.mx\/index.php\/wp-json\/wp\/v2\/comments?post=70438"}],"version-history":[{"count":1,"href":"https:\/\/lahora.mx\/index.php\/wp-json\/wp\/v2\/posts\/70438\/revisions"}],"predecessor-version":[{"id":70442,"href":"https:\/\/lahora.mx\/index.php\/wp-json\/wp\/v2\/posts\/70438\/revisions\/70442"}],"wp:featuredmedia":[{"embeddable":true,"href":"https:\/\/lahora.mx\/index.php\/wp-json\/wp\/v2\/media\/70441"}],"wp:attachment":[{"href":"https:\/\/lahora.mx\/index.php\/wp-json\/wp\/v2\/media?parent=70438"}],"wp:term":[{"taxonomy":"category","embeddable":true,"href":"https:\/\/lahora.mx\/index.php\/wp-json\/wp\/v2\/categories?post=70438"},{"taxonomy":"post_tag","embeddable":true,"href":"https:\/\/lahora.mx\/index.php\/wp-json\/wp\/v2\/tags?post=70438"}],"curies":[{"name":"wp","href":"https:\/\/api.w.org\/{rel}","templated":true}]}}