{"id":70432,"date":"2025-10-30T16:28:32","date_gmt":"2025-10-30T16:28:32","guid":{"rendered":"https:\/\/lahora.mx\/?p=70432"},"modified":"2025-10-30T16:28:33","modified_gmt":"2025-10-30T16:28:33","slug":"puebla-contara-con-un-centro-integral-de-rehabilitacion-y-especialistas-en-2026","status":"publish","type":"post","link":"https:\/\/lahora.mx\/index.php\/2025\/10\/30\/puebla-contara-con-un-centro-integral-de-rehabilitacion-y-especialistas-en-2026\/","title":{"rendered":"Puebla contar\u00e1 con un Centro Integral de Rehabilitaci\u00f3n y Especialistas en 2026"},"content":{"rendered":"\n<p>El gobernador Alejandro Armenta anunci\u00f3 que para el a\u00f1o 2026 se construir\u00e1 en el estado un Centro Integral de Rehabilitaci\u00f3n y Especialistas, con el objetivo de brindar atenci\u00f3n a personas con todo tipo de discapacidades, en un esquema integral que incluir\u00e1 servicios m\u00e9dicos, terap\u00e9uticos y de apoyo especializado.<\/p>\n\n\n\n<p>Durante su conferencia de prensa, el mandatario estatal explic\u00f3 que se trata de un megaproyecto de gran impacto social, que contar\u00e1 con la colaboraci\u00f3n de la iniciativa privada para el equipamiento de las instalaciones. \u201cSe est\u00e1 trabajando con el esp\u00edritu que la Presidenta de la Rep\u00fablica tiene: apoyar a las familias m\u00e1s necesitadas, en un lugar estrat\u00e9gico\u201d.<\/p>\n\n\n\n<p>Armenta inform\u00f3 que el proyecto comenzar\u00e1 a materializarse en diciembre de este a\u00f1o, aunque ser\u00e1 presentado formalmente en noviembre, una vez que se definan los detalles del modelo de atenci\u00f3n y se le asigne carga presupuestal para 2026.<\/p>\n\n\n\n<p>\u201cEl Centro ser\u00e1 de gran utilidad para ni\u00f1os, ni\u00f1as, j\u00f3venes, personas adultas y deportistas. Tendremos un esquema integral de atenci\u00f3n a todo tipo de discapacidades\u201d, destac\u00f3.<\/p>\n\n\n\n<p>El gobernador agradeci\u00f3 el respaldo del director Jos\u00e9 Alfredo Cordero, quien participar\u00e1 en el equipamiento del nuevo centro, y subray\u00f3 la importancia de difundir estas acciones que, dijo, representan buenas noticias para Puebla y beneficios directos para las familias.<\/p>\n\n\n\n<p>\u201cEste apoyo y el que viene para el pr\u00f3ximo a\u00f1o ser\u00e1n muy importantes. Son proyectos que reflejan el compromiso de nuestro gobierno con la inclusi\u00f3n y la justicia social\u201d, concluy\u00f3 Armenta.<\/p>\n","protected":false},"excerpt":{"rendered":"<p>El gobernador Alejandro Armenta anunci\u00f3 que para el a\u00f1o 2026 se construir\u00e1 en el estado un Centro Integral de Rehabilitaci\u00f3n y Especialistas, con el objetivo de brindar atenci\u00f3n a personas con todo tipo de discapacidades, en un esquema integral que incluir\u00e1 servicios m\u00e9dicos, terap\u00e9uticos y de apoyo especializado. Durante su conferencia de prensa, el mandatario [&hellip;]<\/p>\n","protected":false},"author":1,"featured_media":70433,"comment_status":"open","ping_status":"open","sticky":false,"template":"","format":"standard","meta":{"om_disable_all_campaigns":false,"_monsterinsights_skip_tracking":false,"_monsterinsights_sitenote_active":false,"_monsterinsights_sitenote_note":"","_monsterinsights_sitenote_category":0,"footnotes":""},"categories":[175],"tags":[239,195,223],"class_list":["post-70432","post","type-post","status-publish","format-standard","has-post-thumbnail","hentry","category-local","tag-gobierno","tag-principal","tag-puebla"],"amp_enabled":true,"_links":{"self":[{"href":"https:\/\/lahora.mx\/index.php\/wp-json\/wp\/v2\/posts\/70432","targetHints":{"allow":["GET"]}}],"collection":[{"href":"https:\/\/lahora.mx\/index.php\/wp-json\/wp\/v2\/posts"}],"about":[{"href":"https:\/\/lahora.mx\/index.php\/wp-json\/wp\/v2\/types\/post"}],"author":[{"embeddable":true,"href":"https:\/\/lahora.mx\/index.php\/wp-json\/wp\/v2\/users\/1"}],"replies":[{"embeddable":true,"href":"https:\/\/lahora.mx\/index.php\/wp-json\/wp\/v2\/comments?post=70432"}],"version-history":[{"count":1,"href":"https:\/\/lahora.mx\/index.php\/wp-json\/wp\/v2\/posts\/70432\/revisions"}],"predecessor-version":[{"id":70434,"href":"https:\/\/lahora.mx\/index.php\/wp-json\/wp\/v2\/posts\/70432\/revisions\/70434"}],"wp:featuredmedia":[{"embeddable":true,"href":"https:\/\/lahora.mx\/index.php\/wp-json\/wp\/v2\/media\/70433"}],"wp:attachment":[{"href":"https:\/\/lahora.mx\/index.php\/wp-json\/wp\/v2\/media?parent=70432"}],"wp:term":[{"taxonomy":"category","embeddable":true,"href":"https:\/\/lahora.mx\/index.php\/wp-json\/wp\/v2\/categories?post=70432"},{"taxonomy":"post_tag","embeddable":true,"href":"https:\/\/lahora.mx\/index.php\/wp-json\/wp\/v2\/tags?post=70432"}],"curies":[{"name":"wp","href":"https:\/\/api.w.org\/{rel}","templated":true}]}}