{"id":70429,"date":"2025-10-30T03:28:52","date_gmt":"2025-10-30T03:28:52","guid":{"rendered":"https:\/\/lahora.mx\/?p=70429"},"modified":"2025-10-30T03:28:53","modified_gmt":"2025-10-30T03:28:53","slug":"ventarrones-desploman-arboles-estructura-y-mas-estos-son-los-danos-provocados","status":"publish","type":"post","link":"https:\/\/lahora.mx\/index.php\/2025\/10\/30\/ventarrones-desploman-arboles-estructura-y-mas-estos-son-los-danos-provocados\/","title":{"rendered":"Ventarrones desploman \u00e1rboles, estructura y m\u00e1s, estos son los da\u00f1os provocados"},"content":{"rendered":"\n<p>Los fuertes vientos provocados por el frente fr\u00edo n\u00famero 11 han ocasionado la ca\u00edda de \u00e1rboles, postes y se\u00f1alizaci\u00f3n en diversas zonas de la capital poblana. De acuerdo con la Direcci\u00f3n General de Protecci\u00f3n Civil del Estado la mayor parte de la entidad registra este fen\u00f3meno por lo que ha emitido un serie de recomendaciones a la poblaci\u00f3n.<\/p>\n\n\n\n<p>Uno de los percances ocurri\u00f3 en la colonia Las Hadas, en donde un \u00e1rbol de aproximadamente 20 metros de altura cay\u00f3 sobre un autom\u00f3vil y la reja de un domicilio, ubicado en el cruce de las calles Dinamarca e Irlanda.<\/p>\n\n\n\n<p><\/p>\n\n\n\n<p>En inmediaciones del Centro Escolar Ni\u00f1os H\u00e9roes de Chapultepec la rama de otro \u00e1rbol cay\u00f3 sobre una camioneta que se encontraba estacionada y un tercer ejemplar se desplom\u00f3 al interior del jard\u00edn de ni\u00f1os Justo Sierra, en la colonia Jes\u00fas Gonz\u00e1lez Ortega. En ninguno de los tres eventos se reportaron personas lesionadas.<\/p>\n\n\n\n<p><\/p>\n\n\n\n<p>Asimismo,\u00a0<strong>las r\u00e1fagas de viento provocaron la ca\u00edda de se\u00f1alizaci\u00f3n que obstruy\u00f3 el carril de baja en el Perif\u00e9rico Ecol\u00f3gico<\/strong>, a la altura del acceso a la 14 Sur, en el sentido a 11 Sur.\u00a0<strong>Al punto acudi\u00f3 personal de Protecci\u00f3n Civil para retirar el obst\u00e1culo<\/strong>.<br><\/p>\n\n\n\n<p><\/p>\n\n\n\n<p>El fen\u00f3meno meteorol\u00f3gico ocasion\u00f3 que varias piezas de la exposici\u00f3n \u201cMe lleva la huesuda\u201d, instaladas en el z\u00f3calo de la ciudad registrar\u00e1n da\u00f1os. Las calaveritas de gran formato tuvieron repercusiones en algunos de sus elementos de ornato.<\/p>\n\n\n\n<p>La Direcci\u00f3n de Protecci\u00f3n Civil Municipal inform\u00f3 que al momento ha atendido siete eventos relacionados con ca\u00edda de \u00e1rboles o estructuras en colonias como Valle Dorado, Las Hadas, Mundial 86, Rosas del Tepeyac, Reforma Agua Azul, Gonz\u00e1lez Ortega, el Riego Norte y la junta auxiliar de San Pablo Xochimehuacan.<\/p>\n\n\n\n<p>Debido a que las r\u00e1fagas de viento afectan a la mayor parte del estado, en Atlixco se report\u00f3 el desprendimiento de un techo en la secundaria Melchor Ocampo, mismo que provoc\u00f3 que cinco estudiantes y una maestra resultaran con lesiones.<\/p>\n\n\n\n<p>En Coronango, un pino de aproximadamente 30 metros cay\u00f3 en la Secundaria T\u00e9cnica n\u00famero 45, sin que al momento se reporten personas lesionadas. El personal de protecci\u00f3n civil en ese municipio ya trabaja para retirar el tronco.<\/p>\n\n\n\n<p>La Coordinaci\u00f3n General de Protecci\u00f3n Civil del Estado alert\u00f3 sobre la prevalencia de vientos de hasta 60 kil\u00f3metros por hora en la mayor parte del estado, con mayor intensidad en Valle Serd\u00e1n, Valle de Atlixco y Angel\u00f3polis, debido a los efectos del frente fr\u00edo n\u00famero 11.<\/p>\n\n\n\n<p><br>Vuelven las lluvias a Puebla: \u00bfcu\u00e1les ser\u00e1n las regiones afectadas?<br>La Conagua revel\u00f3 que estas condiciones clim\u00e1ticas podr\u00edan mantenerse hasta el mi\u00e9rcoles<br>Ante tal panorama, la Coordinaci\u00f3n recomend\u00f3 asegurar objetos que pudieran volar con el aire, evitar pasar cerca de postes o \u00e1rboles, conducir con precauci\u00f3n, cerrar puertas y ventanas, no encender fuego al aire libre y mantenerse informado por medios oficiales.<\/p>\n","protected":false},"excerpt":{"rendered":"<p>Los fuertes vientos provocados por el frente fr\u00edo n\u00famero 11 han ocasionado la ca\u00edda de \u00e1rboles, postes y se\u00f1alizaci\u00f3n en diversas zonas de la capital poblana. De acuerdo con la Direcci\u00f3n General de Protecci\u00f3n Civil del Estado la mayor parte de la entidad registra este fen\u00f3meno por lo que ha emitido un serie de recomendaciones [&hellip;]<\/p>\n","protected":false},"author":1,"featured_media":70430,"comment_status":"open","ping_status":"open","sticky":false,"template":"","format":"standard","meta":{"om_disable_all_campaigns":false,"_monsterinsights_skip_tracking":false,"_monsterinsights_sitenote_active":false,"_monsterinsights_sitenote_note":"","_monsterinsights_sitenote_category":0,"footnotes":""},"categories":[175],"tags":[],"class_list":["post-70429","post","type-post","status-publish","format-standard","has-post-thumbnail","hentry","category-local"],"amp_enabled":true,"_links":{"self":[{"href":"https:\/\/lahora.mx\/index.php\/wp-json\/wp\/v2\/posts\/70429","targetHints":{"allow":["GET"]}}],"collection":[{"href":"https:\/\/lahora.mx\/index.php\/wp-json\/wp\/v2\/posts"}],"about":[{"href":"https:\/\/lahora.mx\/index.php\/wp-json\/wp\/v2\/types\/post"}],"author":[{"embeddable":true,"href":"https:\/\/lahora.mx\/index.php\/wp-json\/wp\/v2\/users\/1"}],"replies":[{"embeddable":true,"href":"https:\/\/lahora.mx\/index.php\/wp-json\/wp\/v2\/comments?post=70429"}],"version-history":[{"count":1,"href":"https:\/\/lahora.mx\/index.php\/wp-json\/wp\/v2\/posts\/70429\/revisions"}],"predecessor-version":[{"id":70431,"href":"https:\/\/lahora.mx\/index.php\/wp-json\/wp\/v2\/posts\/70429\/revisions\/70431"}],"wp:featuredmedia":[{"embeddable":true,"href":"https:\/\/lahora.mx\/index.php\/wp-json\/wp\/v2\/media\/70430"}],"wp:attachment":[{"href":"https:\/\/lahora.mx\/index.php\/wp-json\/wp\/v2\/media?parent=70429"}],"wp:term":[{"taxonomy":"category","embeddable":true,"href":"https:\/\/lahora.mx\/index.php\/wp-json\/wp\/v2\/categories?post=70429"},{"taxonomy":"post_tag","embeddable":true,"href":"https:\/\/lahora.mx\/index.php\/wp-json\/wp\/v2\/tags?post=70429"}],"curies":[{"name":"wp","href":"https:\/\/api.w.org\/{rel}","templated":true}]}}