{"id":70419,"date":"2025-10-30T01:41:15","date_gmt":"2025-10-30T01:41:15","guid":{"rendered":"https:\/\/lahora.mx\/?p=70419"},"modified":"2025-10-30T01:41:16","modified_gmt":"2025-10-30T01:41:16","slug":"volkswagen-tendra-paro-en-jetta-y-tiguan-por-tercer-dia-consecutivo","status":"publish","type":"post","link":"https:\/\/lahora.mx\/index.php\/2025\/10\/30\/volkswagen-tendra-paro-en-jetta-y-tiguan-por-tercer-dia-consecutivo\/","title":{"rendered":"Volkswagen tendr\u00e1 paro en Jetta y Tiguan, por tercer d\u00eda consecutivo"},"content":{"rendered":"\n<p>Por tercer d\u00eda consecutivo la automotriz Volkswagen tendr\u00e1 paro productivo en el segmento Jetta-Tiguan.<\/p>\n\n\n\n<p>Este mi\u00e9rcoles se inform\u00f3 a los t\u00e9cnicos que se cancelaba la producci\u00f3n de ambos modelos para el segundo turno, de 15:00 horas a 23:30 horas en las \u00e1reas de hojalater\u00eda, pintura y montaje.<\/p>\n\n\n\n<p>Se espera que el tercer turno pueda realizar sus actividades de forma normal, como lo realiz\u00f3 esta ma\u00f1ana el primer turno de este segmento.<\/p>\n\n\n\n<p>Volkswagen tendr\u00e1 paro en Jetta y Tiguan, por tercer d\u00eda consecutivo<\/p>\n\n\n\n<p>Hasta la edici\u00f3n de esta nota, el Sindicato Independiente de Trabajadores de la Industria Automotriz Volkswagen (SITIAVW) que lidera Hugo Tlalpan, no ha indicado si el pago ser\u00e1 al cien por ciento para el segundo turno.<\/p>\n\n\n\n<p>Este es el tercer paro productivo consecutivo que anuncia Volkswagen para el segmento Jetta-Tiguan, ya que el primero fue el lunes 27 de octubre y este martes 28 aplic\u00f3 para el segundo y tercer turno.<\/p>\n\n\n\n<p>Sin embargo, en lo que va de octubre, es el quinto paro productivo que tiene la firma alemana en este segmento, y que de acuerdo con fuentes al interior de la empresa podr\u00eda mantenerse esta situaci\u00f3n hasta diciembre.<\/p>\n\n\n\n<p>Sin confirmar, baja de mil trabajadores de Volkswagen<\/p>\n\n\n\n<p>Hoy, el titular de la Secretar\u00eda de Desarrollo Econ\u00f3mico y Trabajo (Sedetra), V\u00edctor Gabriel Chedraui, coment\u00f3 que hasta el momento no se tiene confirmada la baja de mil 93 trabajadores de Volkswagen, sin embargo, estos recientes paros productivos mantienen la incertidumbre en esta decisi\u00f3n.<\/p>\n\n\n\n<p>La proyecci\u00f3n que tiene Volkswagen es desaparecer todo un turno para dejar de producir 50 mil unidades, debido a las afectaciones que han generado los aranceles que impuso Estados Unidos a los veh\u00edculos importados.<\/p>\n","protected":false},"excerpt":{"rendered":"<p>Por tercer d\u00eda consecutivo la automotriz Volkswagen tendr\u00e1 paro productivo en el segmento Jetta-Tiguan. Este mi\u00e9rcoles se inform\u00f3 a los t\u00e9cnicos que se cancelaba la producci\u00f3n de ambos modelos para el segundo turno, de 15:00 horas a 23:30 horas en las \u00e1reas de hojalater\u00eda, pintura y montaje. Se espera que el tercer turno pueda realizar [&hellip;]<\/p>\n","protected":false},"author":1,"featured_media":70420,"comment_status":"open","ping_status":"open","sticky":false,"template":"","format":"standard","meta":{"om_disable_all_campaigns":false,"_monsterinsights_skip_tracking":false,"_monsterinsights_sitenote_active":false,"_monsterinsights_sitenote_note":"","_monsterinsights_sitenote_category":0,"footnotes":""},"categories":[175],"tags":[195,223],"class_list":["post-70419","post","type-post","status-publish","format-standard","has-post-thumbnail","hentry","category-local","tag-principal","tag-puebla"],"amp_enabled":true,"_links":{"self":[{"href":"https:\/\/lahora.mx\/index.php\/wp-json\/wp\/v2\/posts\/70419","targetHints":{"allow":["GET"]}}],"collection":[{"href":"https:\/\/lahora.mx\/index.php\/wp-json\/wp\/v2\/posts"}],"about":[{"href":"https:\/\/lahora.mx\/index.php\/wp-json\/wp\/v2\/types\/post"}],"author":[{"embeddable":true,"href":"https:\/\/lahora.mx\/index.php\/wp-json\/wp\/v2\/users\/1"}],"replies":[{"embeddable":true,"href":"https:\/\/lahora.mx\/index.php\/wp-json\/wp\/v2\/comments?post=70419"}],"version-history":[{"count":1,"href":"https:\/\/lahora.mx\/index.php\/wp-json\/wp\/v2\/posts\/70419\/revisions"}],"predecessor-version":[{"id":70421,"href":"https:\/\/lahora.mx\/index.php\/wp-json\/wp\/v2\/posts\/70419\/revisions\/70421"}],"wp:featuredmedia":[{"embeddable":true,"href":"https:\/\/lahora.mx\/index.php\/wp-json\/wp\/v2\/media\/70420"}],"wp:attachment":[{"href":"https:\/\/lahora.mx\/index.php\/wp-json\/wp\/v2\/media?parent=70419"}],"wp:term":[{"taxonomy":"category","embeddable":true,"href":"https:\/\/lahora.mx\/index.php\/wp-json\/wp\/v2\/categories?post=70419"},{"taxonomy":"post_tag","embeddable":true,"href":"https:\/\/lahora.mx\/index.php\/wp-json\/wp\/v2\/tags?post=70419"}],"curies":[{"name":"wp","href":"https:\/\/api.w.org\/{rel}","templated":true}]}}