{"id":70410,"date":"2025-10-29T17:26:25","date_gmt":"2025-10-29T17:26:25","guid":{"rendered":"https:\/\/lahora.mx\/?p=70410"},"modified":"2025-10-29T17:26:26","modified_gmt":"2025-10-29T17:26:26","slug":"festival-camino-de-las-almas-atraera-a-mas-de-55-mil-visitantes-en-huejotzingo","status":"publish","type":"post","link":"https:\/\/lahora.mx\/index.php\/2025\/10\/29\/festival-camino-de-las-almas-atraera-a-mas-de-55-mil-visitantes-en-huejotzingo\/","title":{"rendered":"\u201cFestival Camino de las Almas\u201d atraer\u00e1 a m\u00e1s de 55 mil visitantes en Huejotzingo"},"content":{"rendered":"\n<p>El evento, que promete ser un \u00e9xito a\u00fan mayor que el a\u00f1o anterior, proyecta una afluencia de aproximadamente 55 mil visitantes y una derrama econ\u00f3mica superior a los siete millones de pesos, seg\u00fan destac\u00f3 el edil.<\/p>\n\n\n\n<p>Tras el acto inaugural, Sol\u00eds Valles, acompa\u00f1ado de los invitados especiales, realiz\u00f3 un recorrido por las impresionantes catrinas monumentales, tapetes y ofrendas que engalanan el festival, destacando la riqueza cultural de la regi\u00f3n.<\/p>\n\n\n\n<p>El \u201cFestival Camino de las Almas, edici\u00f3n pel\u00edculas de terror mexicano\u201d estar\u00e1 abierto al p\u00fablico del 24 de octubre al 2 de noviembre, ofreciendo un amplio programa que incluye: ciclos de cine de terror, desfile de catrinas y catrines, la primera proyecci\u00f3n de video mapping en el Municipio, un corredor de ofrendas, recorridos al Museo de Evangelizaci\u00f3n, talleres, experiencias gastron\u00f3micas, conversatorios y, como gran cierre, el primer \u201cHuejotzingo Music Festival\u201d, un evento de m\u00fasica electr\u00f3nica programado para el 2 de noviembre.<\/p>\n\n\n\n<p>Entre los asistentes a la inauguraci\u00f3n destacaron la Diputada Local, Ana Laura G\u00f3mez Ram\u00edrez; la encargada de despacho de la Secretar\u00eda de Turismo y Cultura, Andrea Morales Garc\u00eda; as\u00ed como integrantes del Cabildo.<\/p>\n\n\n\n<p>El Gobierno Municipal de Huejotzingo invita a la ciudadan\u00eda a disfrutar de esta celebraci\u00f3n que enaltece nuestras tradiciones y promueve el turismo local.<\/p>\n","protected":false},"excerpt":{"rendered":"<p>El evento, que promete ser un \u00e9xito a\u00fan mayor que el a\u00f1o anterior, proyecta una afluencia de aproximadamente 55 mil visitantes y una derrama econ\u00f3mica superior a los siete millones de pesos, seg\u00fan destac\u00f3 el edil. Tras el acto inaugural, Sol\u00eds Valles, acompa\u00f1ado de los invitados especiales, realiz\u00f3 un recorrido por las impresionantes catrinas monumentales, [&hellip;]<\/p>\n","protected":false},"author":1,"featured_media":70413,"comment_status":"open","ping_status":"open","sticky":false,"template":"","format":"standard","meta":{"om_disable_all_campaigns":false,"_monsterinsights_skip_tracking":false,"_monsterinsights_sitenote_active":false,"_monsterinsights_sitenote_note":"","_monsterinsights_sitenote_category":0,"footnotes":""},"categories":[175],"tags":[266],"class_list":["post-70410","post","type-post","status-publish","format-standard","has-post-thumbnail","hentry","category-local","tag-huejotzingo"],"amp_enabled":true,"_links":{"self":[{"href":"https:\/\/lahora.mx\/index.php\/wp-json\/wp\/v2\/posts\/70410","targetHints":{"allow":["GET"]}}],"collection":[{"href":"https:\/\/lahora.mx\/index.php\/wp-json\/wp\/v2\/posts"}],"about":[{"href":"https:\/\/lahora.mx\/index.php\/wp-json\/wp\/v2\/types\/post"}],"author":[{"embeddable":true,"href":"https:\/\/lahora.mx\/index.php\/wp-json\/wp\/v2\/users\/1"}],"replies":[{"embeddable":true,"href":"https:\/\/lahora.mx\/index.php\/wp-json\/wp\/v2\/comments?post=70410"}],"version-history":[{"count":1,"href":"https:\/\/lahora.mx\/index.php\/wp-json\/wp\/v2\/posts\/70410\/revisions"}],"predecessor-version":[{"id":70414,"href":"https:\/\/lahora.mx\/index.php\/wp-json\/wp\/v2\/posts\/70410\/revisions\/70414"}],"wp:featuredmedia":[{"embeddable":true,"href":"https:\/\/lahora.mx\/index.php\/wp-json\/wp\/v2\/media\/70413"}],"wp:attachment":[{"href":"https:\/\/lahora.mx\/index.php\/wp-json\/wp\/v2\/media?parent=70410"}],"wp:term":[{"taxonomy":"category","embeddable":true,"href":"https:\/\/lahora.mx\/index.php\/wp-json\/wp\/v2\/categories?post=70410"},{"taxonomy":"post_tag","embeddable":true,"href":"https:\/\/lahora.mx\/index.php\/wp-json\/wp\/v2\/tags?post=70410"}],"curies":[{"name":"wp","href":"https:\/\/api.w.org\/{rel}","templated":true}]}}