{"id":70404,"date":"2025-10-22T17:12:27","date_gmt":"2025-10-22T17:12:27","guid":{"rendered":"https:\/\/lahora.mx\/?p=70404"},"modified":"2025-10-29T17:25:35","modified_gmt":"2025-10-29T17:25:35","slug":"con-acciones-de-mantenimiento-en-panteones-huejotzingo-se-prepara-para-el-dia-de-muertos","status":"publish","type":"post","link":"https:\/\/lahora.mx\/index.php\/2025\/10\/22\/con-acciones-de-mantenimiento-en-panteones-huejotzingo-se-prepara-para-el-dia-de-muertos\/","title":{"rendered":"Con acciones de mantenimiento en panteones, Huejotzingo se prepara para el D\u00eda de Muertos"},"content":{"rendered":"\n<p>n el marco de las celebraciones del D\u00eda de Muertos, personal del Gobierno Municipal de Huejotzingo realiza una serie de faenas de limpieza y mantenimiento en los panteones de la Cabecera Municipal. Esta iniciativa tiene como objetivo garantizar que los visitantes encuentren espacios dignos, limpios y ordenados para honrar a sus seres queridos durante esta emblem\u00e1tica tradici\u00f3n mexicana.<\/p>\n\n\n\n<p>Por primera vez, el Municipio lleva a cabo una intervenci\u00f3n integral en sus camposantos. Hasta el momento, los panteones Camino Real a Nealtican y El Carmen han sido beneficiados con estas labores, que incluyen limpieza general, mantenimiento de \u00e1reas comunes y mejoras en la infraestructura.<\/p>\n\n\n\n<p>El pr\u00f3ximo viernes 24 de octubre, se realizar\u00e1 una faena similar en el Pante\u00f3n Ju\u00e1rez, uno de los m\u00e1s concurridos de la Cabecera Municipal.<\/p>\n\n\n\n<p>Sobre este tema, la titular de la Jefatura de Panteones, Claribel Primero, inform\u00f3 que para el 2 de noviembre, fecha m\u00e1s importante de las celebraciones, se estima que los panteones recibir\u00e1n una afluencia significativa.<\/p>\n\n\n\n<p>De acuerdo con proyecciones, el Pante\u00f3n Ju\u00e1rez recibir\u00e1 a m\u00e1s de 35 mil visitantes, seguido por El Carmen, con aproximadamente 15 mil personas, y Camino Real a Nealtican, con m\u00e1s de 700. Estas cifras reflejan la relevancia cultural y social de esta festividad en Huejotzingo.<\/p>\n\n\n\n<p>El Gobierno Municipal, encabezado por el presidente, Roberto Sol\u00eds Valles, invita a la ciudadan\u00eda a colaborar manteniendo limpios los espacios durante sus visitas y a respetar las indicaciones de las autoridades para garantizar una convivencia segura y ordenada.<\/p>\n","protected":false},"excerpt":{"rendered":"<p>n el marco de las celebraciones del D\u00eda de Muertos, personal del Gobierno Municipal de Huejotzingo realiza una serie de faenas de limpieza y mantenimiento en los panteones de la Cabecera Municipal. Esta iniciativa tiene como objetivo garantizar que los visitantes encuentren espacios dignos, limpios y ordenados para honrar a sus seres queridos durante esta [&hellip;]<\/p>\n","protected":false},"author":1,"featured_media":70411,"comment_status":"open","ping_status":"open","sticky":false,"template":"","format":"standard","meta":{"om_disable_all_campaigns":false,"_monsterinsights_skip_tracking":false,"_monsterinsights_sitenote_active":false,"_monsterinsights_sitenote_note":"","_monsterinsights_sitenote_category":0,"footnotes":""},"categories":[175],"tags":[266],"class_list":["post-70404","post","type-post","status-publish","format-standard","has-post-thumbnail","hentry","category-local","tag-huejotzingo"],"amp_enabled":true,"_links":{"self":[{"href":"https:\/\/lahora.mx\/index.php\/wp-json\/wp\/v2\/posts\/70404","targetHints":{"allow":["GET"]}}],"collection":[{"href":"https:\/\/lahora.mx\/index.php\/wp-json\/wp\/v2\/posts"}],"about":[{"href":"https:\/\/lahora.mx\/index.php\/wp-json\/wp\/v2\/types\/post"}],"author":[{"embeddable":true,"href":"https:\/\/lahora.mx\/index.php\/wp-json\/wp\/v2\/users\/1"}],"replies":[{"embeddable":true,"href":"https:\/\/lahora.mx\/index.php\/wp-json\/wp\/v2\/comments?post=70404"}],"version-history":[{"count":1,"href":"https:\/\/lahora.mx\/index.php\/wp-json\/wp\/v2\/posts\/70404\/revisions"}],"predecessor-version":[{"id":70409,"href":"https:\/\/lahora.mx\/index.php\/wp-json\/wp\/v2\/posts\/70404\/revisions\/70409"}],"wp:featuredmedia":[{"embeddable":true,"href":"https:\/\/lahora.mx\/index.php\/wp-json\/wp\/v2\/media\/70411"}],"wp:attachment":[{"href":"https:\/\/lahora.mx\/index.php\/wp-json\/wp\/v2\/media?parent=70404"}],"wp:term":[{"taxonomy":"category","embeddable":true,"href":"https:\/\/lahora.mx\/index.php\/wp-json\/wp\/v2\/categories?post=70404"},{"taxonomy":"post_tag","embeddable":true,"href":"https:\/\/lahora.mx\/index.php\/wp-json\/wp\/v2\/tags?post=70404"}],"curies":[{"name":"wp","href":"https:\/\/api.w.org\/{rel}","templated":true}]}}