{"id":70403,"date":"2025-10-06T17:12:22","date_gmt":"2025-10-06T17:12:22","guid":{"rendered":"https:\/\/lahora.mx\/?p=70403"},"modified":"2025-10-29T17:21:59","modified_gmt":"2025-10-29T17:21:59","slug":"roberto-solis-anuncia-festival-camino-de-las-almas-y-music-festival","status":"publish","type":"post","link":"https:\/\/lahora.mx\/index.php\/2025\/10\/06\/roberto-solis-anuncia-festival-camino-de-las-almas-y-music-festival\/","title":{"rendered":"Roberto Sol\u00eds anuncia festival Camino de las Almas y Music Festival"},"content":{"rendered":"\n<p>n conferencia de prensa, el Presidente Municipal de Huejotzingo, Roberto Sol\u00eds Valles, junto con la Subsecretaria de Promoci\u00f3n Tur\u00edstica del Estado de Puebla, Alejandra de los Santos Reyes, y la Encargada de Despacho de la Secretar\u00eda de Turismo y Cultura, Andrea Morales Garc\u00eda, presentaron el segundo evento del Festival Camino de las Almas, Edici\u00f3n Pel\u00edculas de Terror Mexicano y el primer Huejotzingo Music Festival, un evento de m\u00fasica electr\u00f3nica que promete ser un hito para el Municipio.<\/p>\n\n\n\n<p>Andrea Morales destac\u00f3 que esta edici\u00f3n del Festival Camino de las Almas busca superar el \u00e9xito de 2024, cuando el evento se consolid\u00f3 como una celebraci\u00f3n vibrante y colorida del D\u00eda de Muertos. Por su parte, Alejandra de los Santos, en representaci\u00f3n de la Secretaria de Desarrollo Tur\u00edstico del Estado, Carla L\u00f3pez-Malo Villal\u00f3n, expres\u00f3 su entusiasmo por el evento, subrayando que \u201cHuejotzingo est\u00e1 de moda\u201d y cuenta con el respaldo total del Gobierno del Estado.<\/p>\n\n\n\n<p>El Presidente Municipal detall\u00f3 que el festival incluir\u00e1 actividades como un videomapping, degustaciones de sidra, visitas al museo del Exconvento Franciscano, altares y catrinas monumentales, adem\u00e1s de la experiencia \u00fanica del Huejotzingo Music Festival. Este \u00faltimo contar\u00e1 con artistas de talla internacional como Big Metra, Block &amp; Crown, Charles B, Deego, Fakes, Jes\u00fas D\u00e1vila, Minutti, Xtabay y Yves, quienes han brillado en escenarios de talla internacional como Tomorrowland.<\/p>\n\n\n\n<p>El titular de la Secretar\u00eda de Seguridad Ciudadana, Francisco Lucio Galeana Serna, explic\u00f3 que se implementar\u00e1 un operativo de seguridad con 100 polic\u00edas municipales, 32 agentes de tr\u00e1nsito, 12 elementos de la Secretar\u00eda de Marina, param\u00e9dicos y personal de Protecci\u00f3n Civil. Adem\u00e1s, se emplear\u00e1n c\u00e1maras de vigilancia y drones para garantizar la seguridad de los asistentes.<\/p>\n\n\n\n<p>Se espera una afluencia de 55 mil personas al Festival Camino de las Almas, con una derrama econ\u00f3mica estimada de 5.5 millones de pesos, y m\u00e1s de seis mil asistentes al Huejotzingo Music Festival, consolidando al Pueblo M\u00e1gico como un destino tur\u00edstico y cultural de primer nivel.<\/p>\n","protected":false},"excerpt":{"rendered":"<p>n conferencia de prensa, el Presidente Municipal de Huejotzingo, Roberto Sol\u00eds Valles, junto con la Subsecretaria de Promoci\u00f3n Tur\u00edstica del Estado de Puebla, Alejandra de los Santos Reyes, y la Encargada de Despacho de la Secretar\u00eda de Turismo y Cultura, Andrea Morales Garc\u00eda, presentaron el segundo evento del Festival Camino de las Almas, Edici\u00f3n Pel\u00edculas [&hellip;]<\/p>\n","protected":false},"author":1,"featured_media":70405,"comment_status":"open","ping_status":"open","sticky":false,"template":"","format":"standard","meta":{"om_disable_all_campaigns":false,"_monsterinsights_skip_tracking":false,"_monsterinsights_sitenote_active":false,"_monsterinsights_sitenote_note":"","_monsterinsights_sitenote_category":0,"footnotes":""},"categories":[175],"tags":[266],"class_list":["post-70403","post","type-post","status-publish","format-standard","has-post-thumbnail","hentry","category-local","tag-huejotzingo"],"amp_enabled":true,"_links":{"self":[{"href":"https:\/\/lahora.mx\/index.php\/wp-json\/wp\/v2\/posts\/70403","targetHints":{"allow":["GET"]}}],"collection":[{"href":"https:\/\/lahora.mx\/index.php\/wp-json\/wp\/v2\/posts"}],"about":[{"href":"https:\/\/lahora.mx\/index.php\/wp-json\/wp\/v2\/types\/post"}],"author":[{"embeddable":true,"href":"https:\/\/lahora.mx\/index.php\/wp-json\/wp\/v2\/users\/1"}],"replies":[{"embeddable":true,"href":"https:\/\/lahora.mx\/index.php\/wp-json\/wp\/v2\/comments?post=70403"}],"version-history":[{"count":1,"href":"https:\/\/lahora.mx\/index.php\/wp-json\/wp\/v2\/posts\/70403\/revisions"}],"predecessor-version":[{"id":70406,"href":"https:\/\/lahora.mx\/index.php\/wp-json\/wp\/v2\/posts\/70403\/revisions\/70406"}],"wp:featuredmedia":[{"embeddable":true,"href":"https:\/\/lahora.mx\/index.php\/wp-json\/wp\/v2\/media\/70405"}],"wp:attachment":[{"href":"https:\/\/lahora.mx\/index.php\/wp-json\/wp\/v2\/media?parent=70403"}],"wp:term":[{"taxonomy":"category","embeddable":true,"href":"https:\/\/lahora.mx\/index.php\/wp-json\/wp\/v2\/categories?post=70403"},{"taxonomy":"post_tag","embeddable":true,"href":"https:\/\/lahora.mx\/index.php\/wp-json\/wp\/v2\/tags?post=70403"}],"curies":[{"name":"wp","href":"https:\/\/api.w.org\/{rel}","templated":true}]}}