{"id":70392,"date":"2025-10-12T17:02:12","date_gmt":"2025-10-12T17:02:12","guid":{"rendered":"https:\/\/lahora.mx\/?p=70392"},"modified":"2025-10-29T17:04:00","modified_gmt":"2025-10-29T17:04:00","slug":"investigan-ajuste-de-cuentas-en-ataque-armado-que-dejo-cuatro-muertos-durante-bautizo-en-huejotzingo","status":"publish","type":"post","link":"https:\/\/lahora.mx\/index.php\/2025\/10\/12\/investigan-ajuste-de-cuentas-en-ataque-armado-que-dejo-cuatro-muertos-durante-bautizo-en-huejotzingo\/","title":{"rendered":"Investigan ajuste de cuentas en ataque armado que dej\u00f3 cuatro muertos durante bautizo en Huejotzingo"},"content":{"rendered":"\n<p>Un ajuste de cuentas entre grupos rivales del municipio de San Lorenzo Chiautzingo podr\u00eda haber sido la causa del ataque en el que cuatro personas perdieron la vida y al menos diez resultaron lesionadas tras un ataque armado registrado durante la madrugada del domingo en un bautizo celebrado en la junta auxiliar de San Luis Coyotzingo en el municipio de Huejotzingo.<\/p>\n\n\n\n<p>De acuerdo con los datos recabados la madrugada del domingo varios sujetos armados arribaron a la esquina de las calles Aldama y Benito Ju\u00e1rez donde se realizaba la fiesta familiar, el motivio de la reuni\u00f3n era el bautizo de un menor, hasta que al punto arribaron un grupo de sujetos que abrieron fuego contra los asistentes.<\/p>\n\n\n\n<p>En el lugar quedaron sin vida cuatro personas identificadas como Edwin T. M. de 27 a\u00f1os, Nely R. P. de 25 a\u00f1os, Juan Carlos H. M. 39 a\u00f1os y Aili R. S. de 25 a\u00f1os, vecinos de los municipios de San Lorenzo Chiautzingo y Huejotzingo.<\/p>\n\n\n\n<p>Param\u00e9dicos de Huejotzingo y del sistema SUMA atendieron a m\u00e1s de una decena de lesionados, algunos de los cuales fueron trasladados al Hospital Integral de San Mart\u00edn Texmelucan, entre ellos Le\u00f3nides F. L. de 49 a\u00f1os, Gumesindo M. F. de 54 y Aquetzalli S. M. de 25 a\u00f1os.<\/p>\n\n\n\n<p><br>Este evento social era amenizado por Sonido Famoso cuando ocurrieron los hechos<br>Por su parte, Janeth D. C. 43 a\u00f1os y Javier S. D. 25 a\u00f1os llegaron por sus propios medios para recibir atenci\u00f3n m\u00e9dica, mientras que otros heridos fueron canalizados al Hospital General de Huejotzingo, donde tres de ellos fueron dados de alta y uno m\u00e1s fue trasladado al Hospital de Traumatolog\u00eda y Ortopedia de la Secretar\u00eda de Salud estatal.<\/p>\n\n\n\n<p>Al lugar de los hechos acudieron agentes de investigaci\u00f3n de la Fiscal\u00eda General del Estado, quienes realizaron el levantamiento de indicios y el traslado de los cuerpos al anfiteatro de Puebla para continuar con las diligencias correspondientes.<br>Fuentes ministeriales no descartan que el ataque est\u00e9 relacionado con un ajuste de cuentas entre grupos delictivos que operan en el corredor conocido como el \u201cNuevo Tri\u00e1ngulo Rojo\u201d, integrado por los municipios de San Mart\u00edn Texmelucan, Tlahuapan, San Salvador El Verde y Chiautzingo.<\/p>\n\n\n\n<p>Las v\u00edctimas ser\u00edan presuntamente integrantes o allegadas a la banda conocida como \u201cLos Guasones\u201d, un grupo criminal originario de Chiautzingo vinculado con delitos de robo a transporte de carga, narcomenudeo y portaci\u00f3n de armas de fuego.<\/p>\n\n\n\n<p><br><br>La v\u00edctima mortal a\u00fan no ha sido identificada<br>De acuerdo con archivos policiales, esta c\u00e9lula ha sido se\u00f1alada en distintos hechos violentos ocurridos, como el registrado en febrero del 2020, con la detenci\u00f3n de cinco integrantes por intento de robo de un cami\u00f3n con f\u00e1rmacos en Huejotzingo.<\/p>\n\n\n\n<p>En junio del 2020 se realiz\u00f3 la captura de cinco sujetos con drogas y armas en San Mart\u00edn Texmelucan, entre ellos su presunto l\u00edder, \u201cEl Gordo\u201d. En febrero del 2021 se dio la aprehensi\u00f3n de \u201cEl Munrra\u201d, distribuidor de drogas en Chiautzingo y en noviembre 2022: enfrentamiento armado en la colonia Tlacomulco, en Chiautzingo, que evidenci\u00f3 la disputa entre bandas rivales.<\/p>\n","protected":false},"excerpt":{"rendered":"<p>Un ajuste de cuentas entre grupos rivales del municipio de San Lorenzo Chiautzingo podr\u00eda haber sido la causa del ataque en el que cuatro personas perdieron la vida y al menos diez resultaron lesionadas tras un ataque armado registrado durante la madrugada del domingo en un bautizo celebrado en la junta auxiliar de San Luis [&hellip;]<\/p>\n","protected":false},"author":1,"featured_media":70393,"comment_status":"open","ping_status":"open","sticky":false,"template":"","format":"standard","meta":{"om_disable_all_campaigns":false,"_monsterinsights_skip_tracking":false,"_monsterinsights_sitenote_active":false,"_monsterinsights_sitenote_note":"","_monsterinsights_sitenote_category":0,"footnotes":""},"categories":[175],"tags":[266],"class_list":["post-70392","post","type-post","status-publish","format-standard","has-post-thumbnail","hentry","category-local","tag-huejotzingo"],"amp_enabled":true,"_links":{"self":[{"href":"https:\/\/lahora.mx\/index.php\/wp-json\/wp\/v2\/posts\/70392","targetHints":{"allow":["GET"]}}],"collection":[{"href":"https:\/\/lahora.mx\/index.php\/wp-json\/wp\/v2\/posts"}],"about":[{"href":"https:\/\/lahora.mx\/index.php\/wp-json\/wp\/v2\/types\/post"}],"author":[{"embeddable":true,"href":"https:\/\/lahora.mx\/index.php\/wp-json\/wp\/v2\/users\/1"}],"replies":[{"embeddable":true,"href":"https:\/\/lahora.mx\/index.php\/wp-json\/wp\/v2\/comments?post=70392"}],"version-history":[{"count":1,"href":"https:\/\/lahora.mx\/index.php\/wp-json\/wp\/v2\/posts\/70392\/revisions"}],"predecessor-version":[{"id":70394,"href":"https:\/\/lahora.mx\/index.php\/wp-json\/wp\/v2\/posts\/70392\/revisions\/70394"}],"wp:featuredmedia":[{"embeddable":true,"href":"https:\/\/lahora.mx\/index.php\/wp-json\/wp\/v2\/media\/70393"}],"wp:attachment":[{"href":"https:\/\/lahora.mx\/index.php\/wp-json\/wp\/v2\/media?parent=70392"}],"wp:term":[{"taxonomy":"category","embeddable":true,"href":"https:\/\/lahora.mx\/index.php\/wp-json\/wp\/v2\/categories?post=70392"},{"taxonomy":"post_tag","embeddable":true,"href":"https:\/\/lahora.mx\/index.php\/wp-json\/wp\/v2\/tags?post=70392"}],"curies":[{"name":"wp","href":"https:\/\/api.w.org\/{rel}","templated":true}]}}