{"id":70382,"date":"2025-10-25T16:55:16","date_gmt":"2025-10-25T16:55:16","guid":{"rendered":"https:\/\/lahora.mx\/?p=70382"},"modified":"2025-10-29T17:01:05","modified_gmt":"2025-10-29T17:01:05","slug":"inicia-la-fiesta-en-huejotzingo-celebra-con-el-festival-camino-de-las-almas-hay-mapping","status":"publish","type":"post","link":"https:\/\/lahora.mx\/index.php\/2025\/10\/25\/inicia-la-fiesta-en-huejotzingo-celebra-con-el-festival-camino-de-las-almas-hay-mapping\/","title":{"rendered":"Inicia la fiesta en Huejotzingo celebra con el Festival \u201cCamino de las Almas\u201d; hay mapping"},"content":{"rendered":"\n<p>Frente a la Presidencia Municipal de Huejotzingo se proyect\u00f3 un video mapping sobre pel\u00edculas mexicanas de terror, adem\u00e1s de una muestra de catrinas y tapetes de ma\u00edz. As\u00ed lo inform\u00f3 el alcalde Roberto Sol\u00eds Valles durante el inicio de la segunda edici\u00f3n del Festival \u201cCamino de las Almas\u201d, que rinde homenaje a la tradici\u00f3n mexicana del D\u00eda de Muertos.<\/p>\n\n\n\n<p>El presidente municipal destac\u00f3 que esta edici\u00f3n cuenta con una amplia cartelera cultural y art\u00edstica para el disfrute de las familias huejotzingas y visitantes.<\/p>\n\n\n\n<p>\u201cVan a encontrar una zona gastron\u00f3mica, catrinas inspiradas en pel\u00edculas de terror \u2014tambi\u00e9n mexicanas\u2014, tres tapetes elaborados con ma\u00edz y, por primera vez, una proyecci\u00f3n de mapping sobre la fachada de la Presidencia Municipal\u201d, expres\u00f3 Sol\u00eds Valles.<br><br><br>\u201cMe Lleva La Huesuda\u201d: calaveras iluminadas encienden las tradiciones en el Centro Hist\u00f3rico<br>M\u00e1s de 100 piezas se pueden observar en distintos puntos de las principales calles del primer cuadro de la ciudad<br>El festival incluye actividades en distintos puntos del municipio, como la exposici\u00f3n Los Ecos del Museo en el Ex Convento de San Miguel, catrinas monumentales en los panteones del Carmen y Ju\u00e1rez, el aeropuerto, el parque de San Diego y Santa Ana Xalmimilulco. Tambi\u00e9n habr\u00e1 proyecci\u00f3n diaria de pel\u00edculas junto a las letras tur\u00edsticas y un corredor de ofrendas junto al convento.<\/p>\n\n\n\n<p>El alcalde invit\u00f3 al p\u00fablico al Music Festival del 2 de noviembre, con m\u00fasica electr\u00f3nica desde las 3:00 p.m. hasta las 2:00 a.m., como cierre de las festividades.<\/p>\n\n\n\n<p>Queremos que este festival sea un espacio para disfrutar en familia, recordar a quienes ya partieron y revivir nuestras tradiciones<br>se\u00f1al\u00f3 el edil.<\/p>\n\n\n\n<p><\/p>\n","protected":false},"excerpt":{"rendered":"<p>Frente a la Presidencia Municipal de Huejotzingo se proyect\u00f3 un video mapping sobre pel\u00edculas mexicanas de terror, adem\u00e1s de una muestra de catrinas y tapetes de ma\u00edz. As\u00ed lo inform\u00f3 el alcalde Roberto Sol\u00eds Valles durante el inicio de la segunda edici\u00f3n del Festival \u201cCamino de las Almas\u201d, que rinde homenaje a la tradici\u00f3n mexicana [&hellip;]<\/p>\n","protected":false},"author":1,"featured_media":70388,"comment_status":"open","ping_status":"open","sticky":false,"template":"","format":"standard","meta":{"om_disable_all_campaigns":false,"_monsterinsights_skip_tracking":false,"_monsterinsights_sitenote_active":false,"_monsterinsights_sitenote_note":"","_monsterinsights_sitenote_category":0,"footnotes":""},"categories":[175],"tags":[],"class_list":["post-70382","post","type-post","status-publish","format-standard","has-post-thumbnail","hentry","category-local"],"amp_enabled":true,"_links":{"self":[{"href":"https:\/\/lahora.mx\/index.php\/wp-json\/wp\/v2\/posts\/70382","targetHints":{"allow":["GET"]}}],"collection":[{"href":"https:\/\/lahora.mx\/index.php\/wp-json\/wp\/v2\/posts"}],"about":[{"href":"https:\/\/lahora.mx\/index.php\/wp-json\/wp\/v2\/types\/post"}],"author":[{"embeddable":true,"href":"https:\/\/lahora.mx\/index.php\/wp-json\/wp\/v2\/users\/1"}],"replies":[{"embeddable":true,"href":"https:\/\/lahora.mx\/index.php\/wp-json\/wp\/v2\/comments?post=70382"}],"version-history":[{"count":1,"href":"https:\/\/lahora.mx\/index.php\/wp-json\/wp\/v2\/posts\/70382\/revisions"}],"predecessor-version":[{"id":70389,"href":"https:\/\/lahora.mx\/index.php\/wp-json\/wp\/v2\/posts\/70382\/revisions\/70389"}],"wp:featuredmedia":[{"embeddable":true,"href":"https:\/\/lahora.mx\/index.php\/wp-json\/wp\/v2\/media\/70388"}],"wp:attachment":[{"href":"https:\/\/lahora.mx\/index.php\/wp-json\/wp\/v2\/media?parent=70382"}],"wp:term":[{"taxonomy":"category","embeddable":true,"href":"https:\/\/lahora.mx\/index.php\/wp-json\/wp\/v2\/categories?post=70382"},{"taxonomy":"post_tag","embeddable":true,"href":"https:\/\/lahora.mx\/index.php\/wp-json\/wp\/v2\/tags?post=70382"}],"curies":[{"name":"wp","href":"https:\/\/api.w.org\/{rel}","templated":true}]}}