{"id":7036,"date":"2022-05-17T01:16:14","date_gmt":"2022-05-17T01:16:14","guid":{"rendered":"http:\/\/lahora.mx\/?p=7036"},"modified":"2022-05-17T01:16:15","modified_gmt":"2022-05-17T01:16:15","slug":"estados-unidos-espera-la-participacion-de-mexico-en-cumbre-de-las-americas-ken-salazar","status":"publish","type":"post","link":"https:\/\/lahora.mx\/index.php\/2022\/05\/17\/estados-unidos-espera-la-participacion-de-mexico-en-cumbre-de-las-americas-ken-salazar\/","title":{"rendered":"Estados Unidos espera la participaci\u00f3n de M\u00e9xico en Cumbre de las Am\u00e9ricas\u00bb: Ken Salazar"},"content":{"rendered":"\n<p>Es importante que M\u00e9xico participe en la Cumbre de Las Am\u00e9ricas reconoci\u00f3 el embajador de Estados Unidos en M\u00e9xico, Ken Salazar, quien indic\u00f3 \u201cpor eso, el mi\u00e9rcoles, el organizador de la Cumbre de las Am\u00e9ricas, el senador Chris Dodd, viene a M\u00e9xico a pasar un d\u00eda aqu\u00ed con los gobernantes, incluido con el\u00a0presidente L\u00f3pez Obrador para ver en qu\u00e9 manera caminamos hacia adelante\u201d.<br><\/p>\n\n\n\n<p>Al visitar el Estado de M\u00e9xico\u00a0y reunirse con el gobernador mexiquense Alfredo Del Mazo Maza, el embajador de Estados Unidos en M\u00e9xico, adem\u00e1s de tratar temas de seguridad, inversi\u00f3n y cooperaci\u00f3n, habl\u00f3 de la Cumbre de Las Am\u00e9ricas.<\/p>\n\n\n\n<p>\u201cSe pueden preguntar \u00bfpor qu\u00e9 estamos d\u00e1ndole tanta atenci\u00f3n a M\u00e9xico?, es porque en una Cumbre de las Am\u00e9ricas,\u00a0<strong>se requiere que M\u00e9xico est\u00e9 ah\u00ed<\/strong>\u00a0con su liderazgo, \u00bfno?, y el\u00a0presidente Biden ha hablado ya con el presidente L\u00f3pez Obrador y \u2013se- tienen mucho respeto, ven el mundo en la alianza entre los Estados Unidos y M\u00e9xico, en la manera que acabo yo de describirlo, es una uni\u00f3n muy fuerte, pero tambi\u00e9n, en eso, parte de lo que nos lleva adelante es que hay un respeto entre los dos l\u00edderes de las dos naciones\u201d, afirm\u00f3 Ken Salazar\u00a0en una inusual conferencia de prensa con reporteros mexiquenses.<\/p>\n\n\n\n<p>Estados Unidos espera la participaci\u00f3n de M\u00e9xico, \u201cporque es parte de Las Am\u00e9ricas, y ah\u00ed lo vamos trabajando, tambi\u00e9n se tiene que ver en una manera hist\u00f3rica, por ejemplo, en los 60\u2019s, cuando el presidente Kennedy comenz\u00f3, se anunci\u00f3 la alianza por el progreso\u201d, por lo que el entonces &nbsp;presidente pas\u00f3 bastante tiempo aqu\u00ed en M\u00e9xico, tanto en aqu\u00ed en la Ciudad de M\u00e9xico como tambi\u00e9n all\u00e1 en el Chamizal, en Ju\u00e1rez, El Paso, viendo de qu\u00e9 manera se pudiera poner la mirada hacia el Sur, en \u201cel hemisferio de las Am\u00e9ricas del oeste, entonces en eso parte la Cumbre de Las Am\u00e9ricas, que existe desde el 94\u201d, indic\u00f3 el embajador norteamericano en Toluca.<\/p>\n\n\n\n<p>Entre los temas urgentes de la Cumbre est\u00e1 la migraci\u00f3n \u201cestamos ahora viendo n\u00fameros de migrantes llegando de pa\u00edses de todo el mundo, por M\u00e9xico, en la frontera con los Estados Unidos, y por eso se comprometieron los presidentes de qu\u00e9 manera podemos hacer algo diferente\u201d.<\/p>\n","protected":false},"excerpt":{"rendered":"<p>Es importante que M\u00e9xico participe en la Cumbre de Las Am\u00e9ricas reconoci\u00f3 el embajador de Estados Unidos en M\u00e9xico, Ken Salazar, quien indic\u00f3 \u201cpor eso, el mi\u00e9rcoles, el organizador de la Cumbre de las Am\u00e9ricas, el senador Chris Dodd, viene a M\u00e9xico a pasar un d\u00eda aqu\u00ed con los gobernantes, incluido con el\u00a0presidente L\u00f3pez Obrador [&hellip;]<\/p>\n","protected":false},"author":4,"featured_media":0,"comment_status":"open","ping_status":"open","sticky":false,"template":"","format":"standard","meta":{"om_disable_all_campaigns":false,"_monsterinsights_skip_tracking":false,"_monsterinsights_sitenote_active":false,"_monsterinsights_sitenote_note":"","_monsterinsights_sitenote_category":0,"footnotes":""},"categories":[176],"tags":[],"class_list":["post-7036","post","type-post","status-publish","format-standard","hentry","category-nacional"],"amp_enabled":true,"_links":{"self":[{"href":"https:\/\/lahora.mx\/index.php\/wp-json\/wp\/v2\/posts\/7036","targetHints":{"allow":["GET"]}}],"collection":[{"href":"https:\/\/lahora.mx\/index.php\/wp-json\/wp\/v2\/posts"}],"about":[{"href":"https:\/\/lahora.mx\/index.php\/wp-json\/wp\/v2\/types\/post"}],"author":[{"embeddable":true,"href":"https:\/\/lahora.mx\/index.php\/wp-json\/wp\/v2\/users\/4"}],"replies":[{"embeddable":true,"href":"https:\/\/lahora.mx\/index.php\/wp-json\/wp\/v2\/comments?post=7036"}],"version-history":[{"count":1,"href":"https:\/\/lahora.mx\/index.php\/wp-json\/wp\/v2\/posts\/7036\/revisions"}],"predecessor-version":[{"id":7038,"href":"https:\/\/lahora.mx\/index.php\/wp-json\/wp\/v2\/posts\/7036\/revisions\/7038"}],"wp:attachment":[{"href":"https:\/\/lahora.mx\/index.php\/wp-json\/wp\/v2\/media?parent=7036"}],"wp:term":[{"taxonomy":"category","embeddable":true,"href":"https:\/\/lahora.mx\/index.php\/wp-json\/wp\/v2\/categories?post=7036"},{"taxonomy":"post_tag","embeddable":true,"href":"https:\/\/lahora.mx\/index.php\/wp-json\/wp\/v2\/tags?post=7036"}],"curies":[{"name":"wp","href":"https:\/\/api.w.org\/{rel}","templated":true}]}}