{"id":70356,"date":"2025-10-29T02:00:49","date_gmt":"2025-10-29T02:00:49","guid":{"rendered":"https:\/\/lahora.mx\/?p=70356"},"modified":"2025-10-29T02:00:50","modified_gmt":"2025-10-29T02:00:50","slug":"sin-incidentes-universitarios-continuan-jornada-electoral-en-las-diferentes-sedes-en-la-buap-2","status":"publish","type":"post","link":"https:\/\/lahora.mx\/index.php\/2025\/10\/29\/sin-incidentes-universitarios-continuan-jornada-electoral-en-las-diferentes-sedes-en-la-buap-2\/","title":{"rendered":"Sin incidentes, universitarios contin\u00faan jornada electoral en las diferentes sedes en la BUAP"},"content":{"rendered":"\n<p>En una jornada que transcurre sin reportes de incidentes y con una fluida participaci\u00f3n presencial de los sectores acad\u00e9mico, estudiantil y no acad\u00e9mico de la BUAP, contin\u00faa la libre expresi\u00f3n de los universitarios a trav\u00e9s de las urnas instaladas en las 44 unidades acad\u00e9micas, en las cuales se eligen a los integrantes de los consejos de Unidad Acad\u00e9mica y en ocho adem\u00e1s directores para el periodo 2025-2029.<\/p>\n\n\n\n<p>En este proceso electoral no se registraron candidaturas \u00fanicas para el nombramiento de director o directora en ocho unidades acad\u00e9micas, lo que refleja el sentir democr\u00e1tico e inter\u00e9s de la comunidad para participar de manera activa y con apego a la normatividad universitaria.<br><br>En este sentido, en la Facultad de Administraci\u00f3n se registraron cinco aspirantes a ocupar la direcci\u00f3n; en la Facultad de Ciencias Agr\u00edcolas y Pecuarias, tres; y en las facultades de Enfermer\u00eda, Ciencias Biol\u00f3gicas y Cultura F\u00edsica, as\u00ed como en las preparatorias 2 de octubre de 1968, Alfonso Calder\u00f3n Moreno y Urbana Enrique Cabrera Barroso, dos en cada una de \u00e9stas.<\/p>\n\n\n\n<p>En la jornada de este d\u00eda para el nombramiento del titular de la direcci\u00f3n de unidades acad\u00e9micas y de los integrantes de los consejos de Unidad Acad\u00e9mica el padr\u00f3n electoral asciende a m\u00e1s de 138 mil universitarios.<\/p>\n\n\n\n<p>El cierre de este proceso ser\u00e1 a las 18:00 horas en las unidades acad\u00e9micas ubicadas en CU2, CCU, \u00e1reas de la Salud, Centro y CU, y en los complejos regionales; posteriormente se iniciar\u00e1 el conteo de votos por parte de los integrantes de las mesas directivas de casilla, as\u00ed como la firma y entrega de actas.<\/p>\n","protected":false},"excerpt":{"rendered":"<p>En una jornada que transcurre sin reportes de incidentes y con una fluida participaci\u00f3n presencial de los sectores acad\u00e9mico, estudiantil y no acad\u00e9mico de la BUAP, contin\u00faa la libre expresi\u00f3n de los universitarios a trav\u00e9s de las urnas instaladas en las 44 unidades acad\u00e9micas, en las cuales se eligen a los integrantes de los consejos [&hellip;]<\/p>\n","protected":false},"author":1,"featured_media":70357,"comment_status":"open","ping_status":"open","sticky":false,"template":"","format":"standard","meta":{"om_disable_all_campaigns":false,"_monsterinsights_skip_tracking":false,"_monsterinsights_sitenote_active":false,"_monsterinsights_sitenote_note":"","_monsterinsights_sitenote_category":0,"footnotes":""},"categories":[175],"tags":[186,223],"class_list":["post-70356","post","type-post","status-publish","format-standard","has-post-thumbnail","hentry","category-local","tag-buap","tag-puebla"],"amp_enabled":true,"_links":{"self":[{"href":"https:\/\/lahora.mx\/index.php\/wp-json\/wp\/v2\/posts\/70356","targetHints":{"allow":["GET"]}}],"collection":[{"href":"https:\/\/lahora.mx\/index.php\/wp-json\/wp\/v2\/posts"}],"about":[{"href":"https:\/\/lahora.mx\/index.php\/wp-json\/wp\/v2\/types\/post"}],"author":[{"embeddable":true,"href":"https:\/\/lahora.mx\/index.php\/wp-json\/wp\/v2\/users\/1"}],"replies":[{"embeddable":true,"href":"https:\/\/lahora.mx\/index.php\/wp-json\/wp\/v2\/comments?post=70356"}],"version-history":[{"count":1,"href":"https:\/\/lahora.mx\/index.php\/wp-json\/wp\/v2\/posts\/70356\/revisions"}],"predecessor-version":[{"id":70358,"href":"https:\/\/lahora.mx\/index.php\/wp-json\/wp\/v2\/posts\/70356\/revisions\/70358"}],"wp:featuredmedia":[{"embeddable":true,"href":"https:\/\/lahora.mx\/index.php\/wp-json\/wp\/v2\/media\/70357"}],"wp:attachment":[{"href":"https:\/\/lahora.mx\/index.php\/wp-json\/wp\/v2\/media?parent=70356"}],"wp:term":[{"taxonomy":"category","embeddable":true,"href":"https:\/\/lahora.mx\/index.php\/wp-json\/wp\/v2\/categories?post=70356"},{"taxonomy":"post_tag","embeddable":true,"href":"https:\/\/lahora.mx\/index.php\/wp-json\/wp\/v2\/tags?post=70356"}],"curies":[{"name":"wp","href":"https:\/\/api.w.org\/{rel}","templated":true}]}}