{"id":70352,"date":"2025-10-29T01:32:27","date_gmt":"2025-10-29T01:32:27","guid":{"rendered":"https:\/\/lahora.mx\/?p=70352"},"modified":"2025-10-29T01:33:07","modified_gmt":"2025-10-29T01:33:07","slug":"sin-incidentes-universitarios-continuan-jornada-electoral-en-las-diferentes-sedes-en-la-buap","status":"publish","type":"post","link":"https:\/\/lahora.mx\/index.php\/2025\/10\/29\/sin-incidentes-universitarios-continuan-jornada-electoral-en-las-diferentes-sedes-en-la-buap\/","title":{"rendered":"Asciende a 23 los muertos por lluvias en Puebla: hallan a Pedro Segura"},"content":{"rendered":"\n<p>Como resultado del trabajo conjunto del Gobierno de Puebla que encabeza Alejandro Armenta, a trav\u00e9s de la Coordinaci\u00f3n General de Protecci\u00f3n Civil y Gesti\u00f3n del Riesgo de Desastres, con la Comisi\u00f3n de B\u00fasqueda de Personas del Estado de Puebla y la Secretar\u00eda de Seguridad P\u00fablica (SSP), fue localizado el cuerpo sin vida de Pedro Segura Mu\u00f1oz, quien contaba con ficha de b\u00fasqueda desde la contingencia por las pasadas torrenciales lluvias en la regi\u00f3n.<\/p>\n\n\n\n<p>En estos trabajos tambi\u00e9n particip\u00f3 personal de la Secretar\u00eda de Marina (SEMAR), Guardia Nacional (GN), Comisi\u00f3n Nacional de B\u00fasqueda y autoridades municipales, con quienes se implementaron recorridos terrestres, acu\u00e1ticos y a\u00e9reos con el apoyo de drones en diversos puntos del municipio.<br><br>Con esta localizaci\u00f3n suman 23 las personas fallecidas a consecuencia de las lluvias registradas en Puebla y a\u00fan permanece la b\u00fasqueda del menor Liam Tadeo Gonz\u00e1lez Lechuga de 6 a\u00f1os, en el municipio de Huauchinango.<\/p>\n\n\n\n<p>El Gobierno de Puebla mantiene acciones coordinadas con autoridades federales y municipales con el objetivo de concluir la b\u00fasqueda de personas reportadas como no localizadas a causa de contingencia por las precipitaciones extraordinarias.<\/p>\n","protected":false},"excerpt":{"rendered":"<p>Como resultado del trabajo conjunto del Gobierno de Puebla que encabeza Alejandro Armenta, a trav\u00e9s de la Coordinaci\u00f3n General de Protecci\u00f3n Civil y Gesti\u00f3n del Riesgo de Desastres, con la Comisi\u00f3n de B\u00fasqueda de Personas del Estado de Puebla y la Secretar\u00eda de Seguridad P\u00fablica (SSP), fue localizado el cuerpo sin vida de Pedro Segura [&hellip;]<\/p>\n","protected":false},"author":1,"featured_media":70353,"comment_status":"open","ping_status":"open","sticky":false,"template":"","format":"standard","meta":{"om_disable_all_campaigns":false,"_monsterinsights_skip_tracking":false,"_monsterinsights_sitenote_active":false,"_monsterinsights_sitenote_note":"","_monsterinsights_sitenote_category":0,"footnotes":""},"categories":[175],"tags":[186,223],"class_list":["post-70352","post","type-post","status-publish","format-standard","has-post-thumbnail","hentry","category-local","tag-buap","tag-puebla"],"amp_enabled":true,"_links":{"self":[{"href":"https:\/\/lahora.mx\/index.php\/wp-json\/wp\/v2\/posts\/70352","targetHints":{"allow":["GET"]}}],"collection":[{"href":"https:\/\/lahora.mx\/index.php\/wp-json\/wp\/v2\/posts"}],"about":[{"href":"https:\/\/lahora.mx\/index.php\/wp-json\/wp\/v2\/types\/post"}],"author":[{"embeddable":true,"href":"https:\/\/lahora.mx\/index.php\/wp-json\/wp\/v2\/users\/1"}],"replies":[{"embeddable":true,"href":"https:\/\/lahora.mx\/index.php\/wp-json\/wp\/v2\/comments?post=70352"}],"version-history":[{"count":2,"href":"https:\/\/lahora.mx\/index.php\/wp-json\/wp\/v2\/posts\/70352\/revisions"}],"predecessor-version":[{"id":70355,"href":"https:\/\/lahora.mx\/index.php\/wp-json\/wp\/v2\/posts\/70352\/revisions\/70355"}],"wp:featuredmedia":[{"embeddable":true,"href":"https:\/\/lahora.mx\/index.php\/wp-json\/wp\/v2\/media\/70353"}],"wp:attachment":[{"href":"https:\/\/lahora.mx\/index.php\/wp-json\/wp\/v2\/media?parent=70352"}],"wp:term":[{"taxonomy":"category","embeddable":true,"href":"https:\/\/lahora.mx\/index.php\/wp-json\/wp\/v2\/categories?post=70352"},{"taxonomy":"post_tag","embeddable":true,"href":"https:\/\/lahora.mx\/index.php\/wp-json\/wp\/v2\/tags?post=70352"}],"curies":[{"name":"wp","href":"https:\/\/api.w.org\/{rel}","templated":true}]}}