{"id":7032,"date":"2022-05-16T22:48:15","date_gmt":"2022-05-16T22:48:15","guid":{"rendered":"http:\/\/lahora.mx\/?p=7032"},"modified":"2022-05-16T22:48:16","modified_gmt":"2022-05-16T22:48:16","slug":"primer-caso-sospechoso-de-hepatitis-aguda-infantil-es-detectado-en-sinaloa","status":"publish","type":"post","link":"https:\/\/lahora.mx\/index.php\/2022\/05\/16\/primer-caso-sospechoso-de-hepatitis-aguda-infantil-es-detectado-en-sinaloa\/","title":{"rendered":"Primer caso sospechoso de hepatitis aguda infantil es detectado en Sinaloa"},"content":{"rendered":"\n<p>La Secretaria de Salud del Estado detect\u00f3 un\u00a0<strong>primer caso sospechoso de hepatitis aguda infantil\u00a0<\/strong>en un ni\u00f1o en la capital del estado el cual se encuentra bajo aislamiento en el Hospital Pedi\u00e1trico de Sinaloa y bajo tratamiento m\u00e9dico<br><\/p>\n\n\n\n<p>El titular de la dependencia, Cuitl\u00e1huac Gonzalez Galindo, en su intervenci\u00f3n en la tradicional conferencia&nbsp; semanal del ejecutivo estatal, resalt\u00f3 que el pasado fin de semana&nbsp; lleg\u00f3&nbsp;<strong>un paciente de quince a\u00f1os de edad&nbsp;<\/strong>con los s\u00edntomas del contagio, por lo que de acuerdo a los protocolos , se le mantiene como un caso sospechoso de esta enfermedad viral.&nbsp;<\/p>\n\n\n\n<p>Coment\u00f3 que el adolescente se encuentra estable&nbsp; y con el protocolo se va a seguir de acuerdo a normas internacionales y nacionales, con un<strong>&nbsp;tratamiento de Hepatitis Viral,<\/strong>&nbsp;por lo epidemi\u00f3logos y especialistas de otras&nbsp;<strong>ramas de la medicina vigilan su evoluci\u00f3n.&nbsp;<\/strong><\/p>\n\n\n\n<p>El Secretario de Salud del Estado dijo que en Sinaloa se cuenta con todo lo necesario\u00a0 para aplicar el tratamiento oportuno, de requerir\u00a0 alg\u00fan procedimiento en espec\u00edfico, existen lineamientos que se deben seguir y se est\u00e1 en condiciones de enviar muestras donde estas sean requeridas\u00a0<br><\/p>\n\n\n\n<p>onzalez Galindo&nbsp; extern\u00f3 que las&nbsp;<strong>causas de esta enfermedad no est\u00e1n confirmadas,<\/strong>&nbsp;por lo que se realizan pruebas de laboratorio para descartar Hepatitis A, B.C, D y E, para despu\u00e9s iniciar otro protocolo de estudios en los que se busca descartar otras causas de la enfermedad.&nbsp;<\/p>\n\n\n\n<p>Hace solo tres d\u00edas, el funcionario coment\u00f3 que el \u00e1rea de Epidemiolog\u00eda de la Secretar\u00eda de Salud del Estado report\u00f3 que<strong>\u00a0no se tiene registro<\/strong>\u00a0que en Sinaloa se haya presentado un<strong>\u00a0caso de Hepatitis Infantil Aguda<\/strong>, sin embargo, se refuerzan las medidas preventivas para evitar la entrada de esta enfermedad que ataca a los menores de edad.\u00a0<br><\/p>\n\n\n\n<p>Cuitl\u00e1huac Gonz\u00e1lez Galindo, Secretario de Salud en el estado expuso que ante la inquietud que ha generado por la detecci\u00f3n de algunos casos en territorio nacional, se toman medidas preventivas y se estudia las posibles causas que generan este padecimiento.&nbsp;<\/p>\n\n\n\n<p>Dio a conocer que instruy\u00f3 al personal del \u00e1rea de Epidemiolog\u00eda continuar con el seguimiento de las investigaciones que permitan identificar las causas o factores que provocan esta enfermedad en ni\u00f1os.&nbsp;<\/p>\n","protected":false},"excerpt":{"rendered":"<p>La Secretaria de Salud del Estado detect\u00f3 un\u00a0primer caso sospechoso de hepatitis aguda infantil\u00a0en un ni\u00f1o en la capital del estado el cual se encuentra bajo aislamiento en el Hospital Pedi\u00e1trico de Sinaloa y bajo tratamiento m\u00e9dico El titular de la dependencia, Cuitl\u00e1huac Gonzalez Galindo, en su intervenci\u00f3n en la tradicional conferencia&nbsp; semanal del ejecutivo [&hellip;]<\/p>\n","protected":false},"author":4,"featured_media":7033,"comment_status":"open","ping_status":"open","sticky":false,"template":"","format":"standard","meta":{"om_disable_all_campaigns":false,"_monsterinsights_skip_tracking":false,"_monsterinsights_sitenote_active":false,"_monsterinsights_sitenote_note":"","_monsterinsights_sitenote_category":0,"footnotes":""},"categories":[176],"tags":[],"class_list":["post-7032","post","type-post","status-publish","format-standard","has-post-thumbnail","hentry","category-nacional"],"amp_enabled":true,"_links":{"self":[{"href":"https:\/\/lahora.mx\/index.php\/wp-json\/wp\/v2\/posts\/7032","targetHints":{"allow":["GET"]}}],"collection":[{"href":"https:\/\/lahora.mx\/index.php\/wp-json\/wp\/v2\/posts"}],"about":[{"href":"https:\/\/lahora.mx\/index.php\/wp-json\/wp\/v2\/types\/post"}],"author":[{"embeddable":true,"href":"https:\/\/lahora.mx\/index.php\/wp-json\/wp\/v2\/users\/4"}],"replies":[{"embeddable":true,"href":"https:\/\/lahora.mx\/index.php\/wp-json\/wp\/v2\/comments?post=7032"}],"version-history":[{"count":1,"href":"https:\/\/lahora.mx\/index.php\/wp-json\/wp\/v2\/posts\/7032\/revisions"}],"predecessor-version":[{"id":7035,"href":"https:\/\/lahora.mx\/index.php\/wp-json\/wp\/v2\/posts\/7032\/revisions\/7035"}],"wp:featuredmedia":[{"embeddable":true,"href":"https:\/\/lahora.mx\/index.php\/wp-json\/wp\/v2\/media\/7033"}],"wp:attachment":[{"href":"https:\/\/lahora.mx\/index.php\/wp-json\/wp\/v2\/media?parent=7032"}],"wp:term":[{"taxonomy":"category","embeddable":true,"href":"https:\/\/lahora.mx\/index.php\/wp-json\/wp\/v2\/categories?post=7032"},{"taxonomy":"post_tag","embeddable":true,"href":"https:\/\/lahora.mx\/index.php\/wp-json\/wp\/v2\/tags?post=7032"}],"curies":[{"name":"wp","href":"https:\/\/api.w.org\/{rel}","templated":true}]}}