{"id":70307,"date":"2025-10-28T02:23:42","date_gmt":"2025-10-28T02:23:42","guid":{"rendered":"https:\/\/lahora.mx\/?p=70307"},"modified":"2025-10-28T02:23:43","modified_gmt":"2025-10-28T02:23:43","slug":"las-aseguradoras-se-haran-cargo-de-los-danos-y-perdidas-en-las-escuelas-tras-inundaciones-capcee","status":"publish","type":"post","link":"https:\/\/lahora.mx\/index.php\/2025\/10\/28\/las-aseguradoras-se-haran-cargo-de-los-danos-y-perdidas-en-las-escuelas-tras-inundaciones-capcee\/","title":{"rendered":"Las Aseguradoras se har\u00e1n cargo de los da\u00f1os y p\u00e9rdidas en las escuelas tras inundaciones: CAPCEE"},"content":{"rendered":"\n<p class=\"wp-block-paragraph\">Un total de 521 escuelas resultaron afectadas tras las inundaciones provocadas por la tormenta Jerry, de las que, 301 se encuentran en proceso de limpieza y la aseguradora se har\u00e1 responsable, de acuerdo con Carlos Ochoa Rodr\u00edguez, director del Comit\u00e9 Administrador Poblano para la Construcci\u00f3n de Espacios Educativos (CAPCEE).<\/p>\n\n\n\n<p class=\"wp-block-paragraph\">A nivel federal todas instituciones se encuentran aseguradas y con ello se despresuriza el gasto corriente que se puede llegar a destinar ante una contingencia, a\u00f1adi\u00f3.<br><br>De las 521 instituciones se est\u00e1n analizando los casos de tres o cuatro escuelas que podr\u00edan representar un riesgo, y van a requerir una inversi\u00f3n mayor, es por eso que se trabaja en coordinaci\u00f3n con la federaci\u00f3n y con el seguro que se har\u00e1 responsable de los da\u00f1os.<\/p>\n\n\n\n<p class=\"wp-block-paragraph\">A\u00fan se desconoce el monto de recursos que se destinar\u00e1n pues las aseguradoras se encuentran haciendo visitas y revisando el tema con los ajustadores, se\u00f1al\u00f3 el director del organismo.<\/p>\n\n\n\n<p class=\"wp-block-paragraph\">Indic\u00f3 que ahora la prioridad es hacer la limpieza en todos los planteles, para que puedan regresar a clases lo m\u00e1s pronto posible, aunque en la mayor\u00eda ya lo han hecho.<\/p>\n\n\n\n<p class=\"wp-block-paragraph\">En algunas zonas como la Ceiba y Huauchinango, el agua se llev\u00f3 las computadoras y equipo electr\u00f3nico, sin embargo, las aseguradoras deber\u00e1n responder por estas p\u00e9rdidas.<\/p>\n","protected":false},"excerpt":{"rendered":"<p>Un total de 521 escuelas resultaron afectadas tras las inundaciones provocadas por la tormenta Jerry, de las que, 301 se encuentran en proceso de limpieza y la aseguradora se har\u00e1 responsable, de acuerdo con Carlos Ochoa Rodr\u00edguez, director del Comit\u00e9 Administrador Poblano para la Construcci\u00f3n de Espacios Educativos (CAPCEE). A nivel federal todas instituciones se [&hellip;]<\/p>\n","protected":false},"author":1,"featured_media":70308,"comment_status":"open","ping_status":"open","sticky":false,"template":"","format":"standard","meta":{"om_disable_all_campaigns":false,"_monsterinsights_skip_tracking":false,"footnotes":""},"categories":[176],"tags":[195],"class_list":["post-70307","post","type-post","status-publish","format-standard","has-post-thumbnail","hentry","category-nacional","tag-principal"],"amp_enabled":true,"_links":{"self":[{"href":"https:\/\/lahora.mx\/index.php\/wp-json\/wp\/v2\/posts\/70307","targetHints":{"allow":["GET"]}}],"collection":[{"href":"https:\/\/lahora.mx\/index.php\/wp-json\/wp\/v2\/posts"}],"about":[{"href":"https:\/\/lahora.mx\/index.php\/wp-json\/wp\/v2\/types\/post"}],"author":[{"embeddable":true,"href":"https:\/\/lahora.mx\/index.php\/wp-json\/wp\/v2\/users\/1"}],"replies":[{"embeddable":true,"href":"https:\/\/lahora.mx\/index.php\/wp-json\/wp\/v2\/comments?post=70307"}],"version-history":[{"count":1,"href":"https:\/\/lahora.mx\/index.php\/wp-json\/wp\/v2\/posts\/70307\/revisions"}],"predecessor-version":[{"id":70309,"href":"https:\/\/lahora.mx\/index.php\/wp-json\/wp\/v2\/posts\/70307\/revisions\/70309"}],"wp:featuredmedia":[{"embeddable":true,"href":"https:\/\/lahora.mx\/index.php\/wp-json\/wp\/v2\/media\/70308"}],"wp:attachment":[{"href":"https:\/\/lahora.mx\/index.php\/wp-json\/wp\/v2\/media?parent=70307"}],"wp:term":[{"taxonomy":"category","embeddable":true,"href":"https:\/\/lahora.mx\/index.php\/wp-json\/wp\/v2\/categories?post=70307"},{"taxonomy":"post_tag","embeddable":true,"href":"https:\/\/lahora.mx\/index.php\/wp-json\/wp\/v2\/tags?post=70307"}],"curies":[{"name":"wp","href":"https:\/\/api.w.org\/{rel}","templated":true}]}}