{"id":70295,"date":"2025-10-28T02:18:58","date_gmt":"2025-10-28T02:18:58","guid":{"rendered":"https:\/\/lahora.mx\/?p=70295"},"modified":"2025-10-28T02:18:59","modified_gmt":"2025-10-28T02:18:59","slug":"alumna-de-buap-desaparece-tras-salir-de-clases-en-izucar","status":"publish","type":"post","link":"https:\/\/lahora.mx\/index.php\/2025\/10\/28\/alumna-de-buap-desaparece-tras-salir-de-clases-en-izucar\/","title":{"rendered":"Alumna de BUAP desaparece tras salir de clases en Iz\u00facar"},"content":{"rendered":"\n<p>Los familiares y la comunidad de la Benem\u00e9rita Universidad Aut\u00f3noma de Puebla (BUAP) piden apoyo, tras la desaparici\u00f3n de Liliana Mej\u00eda Sald\u00edvar, una estudiante de 15 a\u00f1os de la Preparatoria de esta casa de estudios.<\/p>\n\n\n\n<p>La joven fue reportada como no localizada desde el pasado 22 de octubre despu\u00e9s de que sali\u00f3 de sus clases y no regres\u00f3 a su domicilio.<br><br>El reporte oficial se\u00f1ala que Liliana sali\u00f3 de su hogar en la colonia El Jard\u00edn para asistir al plantel de la BUAP ubicado en Iz\u00facar de Matamoros.<\/p>\n\n\n\n<p>Sus compa\u00f1eros confirmaron que la joven estuvo en la escuela hasta el final de la jornada, ya que se aplicaba un examen, sin embargo, tras abandonar las instalaciones, Liliana no lleg\u00f3 al punto de encuentro habitual con su familia a la base de combis de San Mart\u00edn Alchichica.<\/p>\n\n\n\n<p>Luego de fallar los intentos de comunicaci\u00f3n, los familiares reportaron la desaparici\u00f3n ante la Fiscal\u00eda General del Estado de Puebla (FGE), quien activ\u00f3 de inmediato el Protocolo Albapara iniciar su b\u00fasqueda de manera expedita, con el objetivo de localizarla sana y salva.<\/p>\n\n\n\n<p>Liliana Mej\u00eda Sald\u00edvar cuenta con las siguientes caracter\u00edsticas para facilitar su identificaci\u00f3n:<\/p>\n\n\n\n<ul class=\"wp-block-list\">\n<li>Edad: 15 a\u00f1os.<\/li>\n\n\n\n<li>Tez: Morena clara.<\/li>\n\n\n\n<li>Cabello: Largo, lacio y casta\u00f1o.<\/li>\n\n\n\n<li>Estatura: 1.55 metros.<\/li>\n\n\n\n<li>Se\u00f1a Particular: Un lunar debajo del ojo izquierdo.<\/li>\n\n\n\n<li>Vestimenta: Blusa negra de manga corta, pantal\u00f3n de mezclilla azul cielo, tenis negros y una mochila rosa.<\/li>\n<\/ul>\n\n\n\n<p>Las autoridades estatales solicitan el apoyo de la ciudadan\u00eda para aportar cualquier informaci\u00f3n que ayude a dar con su paradero. La confidencialidad de las llamadas est\u00e1 garantizada a los siguientes n\u00fameros telef\u00f3nicos:<\/p>\n\n\n\n<p>22 22 14 64 05<\/p>\n\n\n\n<p>22 12 83 81 42<\/p>\n\n\n\n<p>22 22 14 64 02<\/p>\n","protected":false},"excerpt":{"rendered":"<p>Los familiares y la comunidad de la Benem\u00e9rita Universidad Aut\u00f3noma de Puebla (BUAP) piden apoyo, tras la desaparici\u00f3n de Liliana Mej\u00eda Sald\u00edvar, una estudiante de 15 a\u00f1os de la Preparatoria de esta casa de estudios. La joven fue reportada como no localizada desde el pasado 22 de octubre despu\u00e9s de que sali\u00f3 de sus clases [&hellip;]<\/p>\n","protected":false},"author":1,"featured_media":70296,"comment_status":"open","ping_status":"open","sticky":false,"template":"","format":"standard","meta":{"om_disable_all_campaigns":false,"_monsterinsights_skip_tracking":false,"_monsterinsights_sitenote_active":false,"_monsterinsights_sitenote_note":"","_monsterinsights_sitenote_category":0,"footnotes":""},"categories":[175,226],"tags":[223],"class_list":["post-70295","post","type-post","status-publish","format-standard","has-post-thumbnail","hentry","category-local","category-policia","tag-puebla"],"amp_enabled":true,"_links":{"self":[{"href":"https:\/\/lahora.mx\/index.php\/wp-json\/wp\/v2\/posts\/70295","targetHints":{"allow":["GET"]}}],"collection":[{"href":"https:\/\/lahora.mx\/index.php\/wp-json\/wp\/v2\/posts"}],"about":[{"href":"https:\/\/lahora.mx\/index.php\/wp-json\/wp\/v2\/types\/post"}],"author":[{"embeddable":true,"href":"https:\/\/lahora.mx\/index.php\/wp-json\/wp\/v2\/users\/1"}],"replies":[{"embeddable":true,"href":"https:\/\/lahora.mx\/index.php\/wp-json\/wp\/v2\/comments?post=70295"}],"version-history":[{"count":1,"href":"https:\/\/lahora.mx\/index.php\/wp-json\/wp\/v2\/posts\/70295\/revisions"}],"predecessor-version":[{"id":70297,"href":"https:\/\/lahora.mx\/index.php\/wp-json\/wp\/v2\/posts\/70295\/revisions\/70297"}],"wp:featuredmedia":[{"embeddable":true,"href":"https:\/\/lahora.mx\/index.php\/wp-json\/wp\/v2\/media\/70296"}],"wp:attachment":[{"href":"https:\/\/lahora.mx\/index.php\/wp-json\/wp\/v2\/media?parent=70295"}],"wp:term":[{"taxonomy":"category","embeddable":true,"href":"https:\/\/lahora.mx\/index.php\/wp-json\/wp\/v2\/categories?post=70295"},{"taxonomy":"post_tag","embeddable":true,"href":"https:\/\/lahora.mx\/index.php\/wp-json\/wp\/v2\/tags?post=70295"}],"curies":[{"name":"wp","href":"https:\/\/api.w.org\/{rel}","templated":true}]}}