{"id":70289,"date":"2025-10-27T22:48:13","date_gmt":"2025-10-27T22:48:13","guid":{"rendered":"https:\/\/lahora.mx\/?p=70289"},"modified":"2025-10-27T22:48:35","modified_gmt":"2025-10-27T22:48:35","slug":"pepe-chedraui-pone-en-marcha-programa-de-pago-anticipado-de-predial-y-limpia-2026","status":"publish","type":"post","link":"https:\/\/lahora.mx\/index.php\/2025\/10\/27\/pepe-chedraui-pone-en-marcha-programa-de-pago-anticipado-de-predial-y-limpia-2026\/","title":{"rendered":"Pepe Chedraui pone en marcha Programa de Pago Anticipado de Predial y Limpia 2026"},"content":{"rendered":"\n<p>El presidente municipal, Pepe Chedraui Budib, estuvo presente en el arranque del Programa de Pago Anticipado de Predial y Servicio de Limpia 2026, el cual ofrece a las y los poblanos la oportunidad de obtener premios, as\u00ed como condonaciones de multas y recargos.<\/p>\n\n\n\n<p>El objetivo de este programa es impulsar la recaudaci\u00f3n municipal y garantizar los recursos necesarios para brindar servicios p\u00fablicos de calidad a la ciudadan\u00eda. Por lo que el alcalde hizo un llamado a las y los contribuyentes poblanos para acudir a las diferentes cajas recaudatorias y ponerse al corriente con sus obligaciones.&nbsp;<\/p>\n\n\n\n<p>El programa estar\u00e1 vigente del 15 de octubre al 31 de diciembre de 2025, con tarifas correspondientes al ejercicio 2025. Adem\u00e1s, contempla premios por un total de 3 millones de pesos, distribuidos en un primer lugar con medio mill\u00f3n de pesos y 25 premios adicionales de 100 mil pesos cada uno.<\/p>\n\n\n\n<p>Asimismo, las y los contribuyentes con adeudos de ejercicios anteriores podr\u00e1n regularizar su situaci\u00f3n con importantes beneficios:<\/p>\n\n\n\n<p>\u2022 &nbsp; &nbsp;Del 15 de octubre al 31 de diciembre de 2025, descuento del 100 por ciento en multas y 80 por ciento en recargos.<br>\u2022 &nbsp; &nbsp;Del 5 de enero al 31 de marzo de 2026, descuento del 100 por ciento en multas y 30 por ciento en recargos.<\/p>\n\n\n\n<p>Cabe mencionar que en Sesi\u00f3n Ordinaria el Cabildo se aprob\u00f3 el dictamen que autoriz\u00f3 a la Tesorer\u00eda Municipal la implementaci\u00f3n de un est\u00edmulo fiscal para el pago anual anticipado del Impuesto Predial y el Servicio de Limpia.<\/p>\n","protected":false},"excerpt":{"rendered":"<p>El presidente municipal, Pepe Chedraui Budib, estuvo presente en el arranque del Programa de Pago Anticipado de Predial y Servicio de Limpia 2026, el cual ofrece a las y los poblanos la oportunidad de obtener premios, as\u00ed como condonaciones de multas y recargos. El objetivo de este programa es impulsar la recaudaci\u00f3n municipal y garantizar [&hellip;]<\/p>\n","protected":false},"author":1,"featured_media":70290,"comment_status":"open","ping_status":"open","sticky":false,"template":"","format":"standard","meta":{"om_disable_all_campaigns":false,"_monsterinsights_skip_tracking":false,"_monsterinsights_sitenote_active":false,"_monsterinsights_sitenote_note":"","_monsterinsights_sitenote_category":0,"footnotes":""},"categories":[175],"tags":[],"class_list":["post-70289","post","type-post","status-publish","format-standard","has-post-thumbnail","hentry","category-local"],"amp_enabled":true,"_links":{"self":[{"href":"https:\/\/lahora.mx\/index.php\/wp-json\/wp\/v2\/posts\/70289","targetHints":{"allow":["GET"]}}],"collection":[{"href":"https:\/\/lahora.mx\/index.php\/wp-json\/wp\/v2\/posts"}],"about":[{"href":"https:\/\/lahora.mx\/index.php\/wp-json\/wp\/v2\/types\/post"}],"author":[{"embeddable":true,"href":"https:\/\/lahora.mx\/index.php\/wp-json\/wp\/v2\/users\/1"}],"replies":[{"embeddable":true,"href":"https:\/\/lahora.mx\/index.php\/wp-json\/wp\/v2\/comments?post=70289"}],"version-history":[{"count":1,"href":"https:\/\/lahora.mx\/index.php\/wp-json\/wp\/v2\/posts\/70289\/revisions"}],"predecessor-version":[{"id":70291,"href":"https:\/\/lahora.mx\/index.php\/wp-json\/wp\/v2\/posts\/70289\/revisions\/70291"}],"wp:featuredmedia":[{"embeddable":true,"href":"https:\/\/lahora.mx\/index.php\/wp-json\/wp\/v2\/media\/70290"}],"wp:attachment":[{"href":"https:\/\/lahora.mx\/index.php\/wp-json\/wp\/v2\/media?parent=70289"}],"wp:term":[{"taxonomy":"category","embeddable":true,"href":"https:\/\/lahora.mx\/index.php\/wp-json\/wp\/v2\/categories?post=70289"},{"taxonomy":"post_tag","embeddable":true,"href":"https:\/\/lahora.mx\/index.php\/wp-json\/wp\/v2\/tags?post=70289"}],"curies":[{"name":"wp","href":"https:\/\/api.w.org\/{rel}","templated":true}]}}