{"id":70283,"date":"2025-10-27T22:22:30","date_gmt":"2025-10-27T22:22:30","guid":{"rendered":"https:\/\/lahora.mx\/?p=70283"},"modified":"2025-10-27T22:22:30","modified_gmt":"2025-10-27T22:22:30","slug":"armenta-rechaza-oposicion-a-construccion-de-pozo-que-abastecera-a-puebla","status":"publish","type":"post","link":"https:\/\/lahora.mx\/index.php\/2025\/10\/27\/armenta-rechaza-oposicion-a-construccion-de-pozo-que-abastecera-a-puebla\/","title":{"rendered":"Armenta rechaza oposici\u00f3n a construcci\u00f3n de pozo que abastecer\u00e1 a Puebla"},"content":{"rendered":"\n<p>El gobernador de Puebla, Alejandro Armenta Mier, calific\u00f3 de \u201cirresponsable\u201d afirmar que el agua no debe llegar a la capital del estado, en referencia a la oposici\u00f3n de algunos grupos en Xoxtla que buscan frenar la construcci\u00f3n de un pozo destinado a abastecer a la zona metropolitana.<\/p>\n\n\n\n<p>El mandatario estatal record\u00f3 que los gobiernos est\u00e1n obligados a administrar los recursos naturales de forma racional, y subray\u00f3 que los bienes del subsuelo pertenecen a la naci\u00f3n.<\/p>\n\n\n\n<p>\u201cSoy solo un administrador, no el due\u00f1o del estado, as\u00ed como ning\u00fan l\u00edder es due\u00f1o del agua. \u00bfEntonces la postura es que Puebla no tenga agua? \u00bfEl objetivo es que la ciudad se quede sin suministro? No. Ser\u00eda una irresponsabilidad que cualquier gobierno permitiera eso. Puebla ha crecido hacia la periferia y debemos garantizar agua para todos\u201d.<\/p>\n\n\n\n<p>Armenta Mier reiter\u00f3 que su administraci\u00f3n trabaja para aprovechar de manera racional los recursos naturales y resolver las necesidades h\u00eddricas de la poblaci\u00f3n.<\/p>\n\n\n\n<p>Por otro lado, al hablar sobre el ecoparque en la Malinche, Armenta aclar\u00f3 que \u201cel proyecto no urge; lo que urge es rescatar el bosque\u201d.<\/p>\n\n\n\n<p>\u201cSomos un gobierno que cuida el medioambiente. Poner orden incomoda, porque la tragedia del bosque es responsabilidad de quienes no han hecho nada. Ellos quieren que sigamos igual, porque se benefician de la complicidad y de la destrucci\u00f3n\u201d.<\/p>\n\n\n\n<p>El gobernador asegur\u00f3 que su administraci\u00f3n act\u00faa con apego a la ley y que los proyectos ambientales buscan beneficiar a las comunidades, no a quienes lucran con la explotaci\u00f3n de los recursos.<\/p>\n\n\n\n<p>\u201cLos depredadores y sus c\u00f3mplices se benefician del caos y de la inacci\u00f3n gubernamental. Por eso, trabajaremos con los comuneros que realmente cuidan el bosque\u201d.<\/p>\n\n\n\n<p>Alejandro Armenta explic\u00f3 que el aprovechamiento tur\u00edstico de las monta\u00f1as es una pr\u00e1ctica com\u00fan en todo el mundo, siempre que se haga de manera sustentable. En ese sentido, adelant\u00f3 que el rescate de los bosques incluye acciones en la Malinche, el Izta-Popo y el Citlalt\u00e9petl.<\/p>\n\n\n\n<p>Asimismo, se\u00f1al\u00f3 que ya se realizan trabajos para impulsar proyectos cient\u00edficos y de reforestaci\u00f3n con \u00e1rboles frutales mixtos, como pi\u00f1\u00f3n, aguacate y nuez de castilla, que combinan el valor forestal y productivo.<\/p>\n\n\n\n<p>Finalmente, el gobernador inform\u00f3 que en zonas boscosas lim\u00edtrofes con Veracruz se han establecido huertos de lim\u00f3n y aguacate, aprovechando el suelo forestal y generando valor agregado a la producci\u00f3n agr\u00edcola. Estos proyectos se impulsar\u00e1n bajo la marca 5 de Mayo, con el objetivo de fortalecer el desarrollo sustentable en la regi\u00f3n.<\/p>\n","protected":false},"excerpt":{"rendered":"<p>El gobernador de Puebla, Alejandro Armenta Mier, calific\u00f3 de \u201cirresponsable\u201d afirmar que el agua no debe llegar a la capital del estado, en referencia a la oposici\u00f3n de algunos grupos en Xoxtla que buscan frenar la construcci\u00f3n de un pozo destinado a abastecer a la zona metropolitana. El mandatario estatal record\u00f3 que los gobiernos est\u00e1n [&hellip;]<\/p>\n","protected":false},"author":1,"featured_media":70284,"comment_status":"open","ping_status":"open","sticky":false,"template":"","format":"standard","meta":{"om_disable_all_campaigns":false,"_monsterinsights_skip_tracking":false,"_monsterinsights_sitenote_active":false,"_monsterinsights_sitenote_note":"","_monsterinsights_sitenote_category":0,"footnotes":""},"categories":[175],"tags":[239,223],"class_list":["post-70283","post","type-post","status-publish","format-standard","has-post-thumbnail","hentry","category-local","tag-gobierno","tag-puebla"],"amp_enabled":true,"_links":{"self":[{"href":"https:\/\/lahora.mx\/index.php\/wp-json\/wp\/v2\/posts\/70283","targetHints":{"allow":["GET"]}}],"collection":[{"href":"https:\/\/lahora.mx\/index.php\/wp-json\/wp\/v2\/posts"}],"about":[{"href":"https:\/\/lahora.mx\/index.php\/wp-json\/wp\/v2\/types\/post"}],"author":[{"embeddable":true,"href":"https:\/\/lahora.mx\/index.php\/wp-json\/wp\/v2\/users\/1"}],"replies":[{"embeddable":true,"href":"https:\/\/lahora.mx\/index.php\/wp-json\/wp\/v2\/comments?post=70283"}],"version-history":[{"count":1,"href":"https:\/\/lahora.mx\/index.php\/wp-json\/wp\/v2\/posts\/70283\/revisions"}],"predecessor-version":[{"id":70285,"href":"https:\/\/lahora.mx\/index.php\/wp-json\/wp\/v2\/posts\/70283\/revisions\/70285"}],"wp:featuredmedia":[{"embeddable":true,"href":"https:\/\/lahora.mx\/index.php\/wp-json\/wp\/v2\/media\/70284"}],"wp:attachment":[{"href":"https:\/\/lahora.mx\/index.php\/wp-json\/wp\/v2\/media?parent=70283"}],"wp:term":[{"taxonomy":"category","embeddable":true,"href":"https:\/\/lahora.mx\/index.php\/wp-json\/wp\/v2\/categories?post=70283"},{"taxonomy":"post_tag","embeddable":true,"href":"https:\/\/lahora.mx\/index.php\/wp-json\/wp\/v2\/tags?post=70283"}],"curies":[{"name":"wp","href":"https:\/\/api.w.org\/{rel}","templated":true}]}}