{"id":70264,"date":"2025-10-27T21:52:18","date_gmt":"2025-10-27T21:52:18","guid":{"rendered":"https:\/\/lahora.mx\/?p=70264"},"modified":"2025-10-27T21:52:18","modified_gmt":"2025-10-27T21:52:18","slug":"la-rectora-lilia-cedillo-designa-a-jorge-david-cortes-como-nuevo-director-de-comunicacion-social-de-la-buap","status":"publish","type":"post","link":"https:\/\/lahora.mx\/index.php\/2025\/10\/27\/la-rectora-lilia-cedillo-designa-a-jorge-david-cortes-como-nuevo-director-de-comunicacion-social-de-la-buap\/","title":{"rendered":"La Rectora, Lilia Cedillo, designa a Jorge David Cort\u00e9s como nuevo director de Comunicaci\u00f3n Social de la BUAP"},"content":{"rendered":"\n<p><strong>Jorge David Cort\u00e9s\u00a0<\/strong>y\u00a0<strong>Marcelo Garc\u00eda Almaguer\u00a0<\/strong>llegan a\u00a0<strong>Comunicaci\u00f3n Social\u00a0<\/strong>de la\u00a0<strong>Benem\u00e9rita Universidad Aut\u00f3noma de Puebla<\/strong><\/p>\n\n\n\n<p>La rectora de la <strong>BUAP<\/strong>,\u00a0<strong>Lilia Cedillo Ram\u00edrez<\/strong>, sigue<a href=\"https:\/\/www.diariocambio.com.mx\/2025\/educacion\/con-trayectoria-como-gestor-y-funcionario-universitario-damian-hernandez-llega-a-la-secretaria-general-buap\/\">\u00a0con los ajustes<\/a>\u00a0en su equipo para este segundo periodo al frente de la institucion, ahora llega,<strong>\u00a0Jorge David Cort\u00e9s Moreno<\/strong>, como nuevo<strong>\u00a0director de Comunicaci\u00f3n Social\u00a0<\/strong>de la instituci\u00f3n, en sustituci\u00f3n de\u00a0<strong>Edwins Garc\u00eda.<\/strong><\/p>\n\n\n\n<p>Este nombramiento representa el tercer cambio dentro del gabinete universitario, luego de la reciente llegada de&nbsp;<strong>Dami\u00e1n Hern\u00e1ndez M\u00e9ndez<\/strong>&nbsp;como secretario general y de&nbsp;<strong>Rosalinda Merino Calder\u00f3n<\/strong>&nbsp;como encargada de despacho de la&nbsp;<strong>Vicerrector\u00eda de Extensi\u00f3n y Difusi\u00f3n de la Cultura<\/strong>.<\/p>\n\n\n\n<p><strong>\u00bfQui\u00e9n es Jorge David Cort\u00e9s?<\/strong><\/p>\n\n\n\n<p>Es consultor en Comunicaci\u00f3n Pol\u00edtica y doctor en\u00a0<strong>Administraci\u00f3n P\u00fablica y Ciencias Sociales<\/strong>, as\u00ed como en Ciudad, Territorio y Patrimonio.<\/p>\n\n\n\n<p><strong>Jorge David Cort\u00e9s\u00a0<\/strong>es un acad\u00e9mico de la BUAP y ya ocup\u00f3 la direcci\u00f3n de comunicaci\u00f3n en el periodo de\u00a0<strong>Enrique Ag\u00fcera<\/strong>, de 2005 a 2012.<\/p>\n\n\n\n<p>En esa \u00e9poca tambi\u00e9n lider\u00f3 el&nbsp;<strong>Centro de Investigaci\u00f3n sobre Opini\u00f3n P\u00fablica&nbsp;<\/strong>(CISO).<\/p>\n\n\n\n<p>Fue vicerrector de Extensi\u00f3n y Difusi\u00f3n de Cultura de la BUAP del 7 de octubre de 2013 al 31 de enero de 2014, durante la gesti\u00f3n de\u00a0<strong>Alfonso Esparza<\/strong>.<\/p>\n\n\n\n<p>En tanto,&nbsp;<strong>Marcelo Garc\u00eda Almaguer&nbsp;<\/strong>estar\u00e1 en el \u00e1rea digital de esa coordinaci\u00f3n, cuando antes, esa funci\u00f3n la hac\u00eda una sola persona.<\/p>\n\n\n\n<p>\u00c9l fue director general de Comunicaci\u00f3n durante el gobierno de&nbsp;<strong>Rafael Moreno Valle&nbsp;<\/strong>(2011-2017) y secretario de comunicaci\u00f3n del&nbsp;<strong>PAN&nbsp;<\/strong>(2016-2018). Tambi\u00e9n estuvo al frente de&nbsp;<strong>Comunicaci\u00f3n Social&nbsp;<\/strong>en la&nbsp;<strong>Secretar\u00eda de Finanzas y Desarrollo Social&nbsp;<\/strong>cuando fue gobernador&nbsp;<strong>Melquiades Morales&nbsp;<\/strong>del&nbsp;<strong>PRI<\/strong>.<\/p>\n","protected":false},"excerpt":{"rendered":"<p>Jorge David Cort\u00e9s\u00a0y\u00a0Marcelo Garc\u00eda Almaguer\u00a0llegan a\u00a0Comunicaci\u00f3n Social\u00a0de la\u00a0Benem\u00e9rita Universidad Aut\u00f3noma de Puebla La rectora de la BUAP,\u00a0Lilia Cedillo Ram\u00edrez, sigue\u00a0con los ajustes\u00a0en su equipo para este segundo periodo al frente de la institucion, ahora llega,\u00a0Jorge David Cort\u00e9s Moreno, como nuevo\u00a0director de Comunicaci\u00f3n Social\u00a0de la instituci\u00f3n, en sustituci\u00f3n de\u00a0Edwins Garc\u00eda. Este nombramiento representa el tercer cambio [&hellip;]<\/p>\n","protected":false},"author":1,"featured_media":70265,"comment_status":"open","ping_status":"open","sticky":false,"template":"","format":"standard","meta":{"om_disable_all_campaigns":false,"_monsterinsights_skip_tracking":false,"_monsterinsights_sitenote_active":false,"_monsterinsights_sitenote_note":"","_monsterinsights_sitenote_category":0,"footnotes":""},"categories":[175],"tags":[195],"class_list":["post-70264","post","type-post","status-publish","format-standard","has-post-thumbnail","hentry","category-local","tag-principal"],"amp_enabled":true,"_links":{"self":[{"href":"https:\/\/lahora.mx\/index.php\/wp-json\/wp\/v2\/posts\/70264","targetHints":{"allow":["GET"]}}],"collection":[{"href":"https:\/\/lahora.mx\/index.php\/wp-json\/wp\/v2\/posts"}],"about":[{"href":"https:\/\/lahora.mx\/index.php\/wp-json\/wp\/v2\/types\/post"}],"author":[{"embeddable":true,"href":"https:\/\/lahora.mx\/index.php\/wp-json\/wp\/v2\/users\/1"}],"replies":[{"embeddable":true,"href":"https:\/\/lahora.mx\/index.php\/wp-json\/wp\/v2\/comments?post=70264"}],"version-history":[{"count":1,"href":"https:\/\/lahora.mx\/index.php\/wp-json\/wp\/v2\/posts\/70264\/revisions"}],"predecessor-version":[{"id":70266,"href":"https:\/\/lahora.mx\/index.php\/wp-json\/wp\/v2\/posts\/70264\/revisions\/70266"}],"wp:featuredmedia":[{"embeddable":true,"href":"https:\/\/lahora.mx\/index.php\/wp-json\/wp\/v2\/media\/70265"}],"wp:attachment":[{"href":"https:\/\/lahora.mx\/index.php\/wp-json\/wp\/v2\/media?parent=70264"}],"wp:term":[{"taxonomy":"category","embeddable":true,"href":"https:\/\/lahora.mx\/index.php\/wp-json\/wp\/v2\/categories?post=70264"},{"taxonomy":"post_tag","embeddable":true,"href":"https:\/\/lahora.mx\/index.php\/wp-json\/wp\/v2\/tags?post=70264"}],"curies":[{"name":"wp","href":"https:\/\/api.w.org\/{rel}","templated":true}]}}