{"id":70263,"date":"2025-10-22T18:45:08","date_gmt":"2025-10-22T18:45:08","guid":{"rendered":"https:\/\/lahora.mx\/?p=70263"},"modified":"2025-10-27T22:11:00","modified_gmt":"2025-10-27T22:11:00","slug":"estos-son-los-cierres-en-la-autopista-mexico-puebla-del-22-al-24-de-octubre-2","status":"publish","type":"post","link":"https:\/\/lahora.mx\/index.php\/2025\/10\/22\/estos-son-los-cierres-en-la-autopista-mexico-puebla-del-22-al-24-de-octubre-2\/","title":{"rendered":"Estos son los cierres en la autopista M\u00e9xico-Puebla del 22 al 24 de octubre"},"content":{"rendered":"\n<p>Anuncian cierres en la autopista M\u00e9xico\u2013Puebla debido a afectaciones viales durante tres d\u00edas consecutivos, por lo que las autoridades recomiendan a los automovilistas salir con anticipaci\u00f3n o considerar rutas alternas. <\/p>\n\n\n\n<p>De acuerdo con la Secretar\u00eda de Infraestructura, los cierres parciales se llevar\u00e1n a cabo del martes 22 al jueves 24 de octubre de 2025, afectando la circulaci\u00f3n en ambos sentidos \u2014hacia la Ciudad de M\u00e9xico y hacia Puebla\u2014.<\/p>\n\n\n\n<p>Los trabajos se concentrar\u00e1n entre la Avenida San Lorenzo Almecatl\u00e1 y el R\u00edo Atoyac, donde se restringir\u00e1 el paso en dos carriles de cada direcci\u00f3n. Las labores se realizar\u00e1n de 10:00 a 18:00 horas, debido a obras de mejora e imagen urbana en el camell\u00f3n central.<\/p>\n\n\n\n<p>Estos son los cierres en la autopista M\u00e9xico-Puebla del 22 al 24 de octubre<br>Anuncian cierres en la autopista M\u00e9xico-Puebla | Foto: Agencia Enfoque<br>V\u00edas alternas recomendadas por los cierres en la autopista M\u00e9xico-Puebla<br>Para evitar contratiempos, las autoridades sugieren utilizar la carretera federal M\u00e9xico\u2013Puebla, saliendo por la caseta de San Marcos (km 70-80), para reincorporarse m\u00e1s adelante a la autopista.<\/p>\n\n\n\n<p>Otra opci\u00f3n es tomar el Arco Norte, desvi\u00e1ndose en el km 50 hacia Pachuca y volviendo a conectar en el km 120 rumbo a Puebla. Aunque este trayecto implica entre 20 y 30 minutos adicionales, permite evitar la congesti\u00f3n en el tramo donde se realizar\u00e1n los trabajos.<\/p>\n\n\n\n<p>Se recomienda a los conductores mantenerse informados, respetar la se\u00f1alizaci\u00f3n y planear sus viajes con antelaci\u00f3n durante los d\u00edas mencionados.<\/p>\n","protected":false},"excerpt":{"rendered":"<p>Anuncian cierres en la autopista M\u00e9xico\u2013Puebla debido a afectaciones viales durante tres d\u00edas consecutivos, por lo que las autoridades recomiendan a los automovilistas salir con anticipaci\u00f3n o considerar rutas alternas. De acuerdo con la Secretar\u00eda de Infraestructura, los cierres parciales se llevar\u00e1n a cabo del martes 22 al jueves 24 de octubre de 2025, afectando [&hellip;]<\/p>\n","protected":false},"author":1,"featured_media":70267,"comment_status":"open","ping_status":"open","sticky":false,"template":"","format":"standard","meta":{"om_disable_all_campaigns":false,"_monsterinsights_skip_tracking":false,"_monsterinsights_sitenote_active":false,"_monsterinsights_sitenote_note":"","_monsterinsights_sitenote_category":0,"footnotes":""},"categories":[175],"tags":[223],"class_list":["post-70263","post","type-post","status-publish","format-standard","has-post-thumbnail","hentry","category-local","tag-puebla"],"amp_enabled":true,"_links":{"self":[{"href":"https:\/\/lahora.mx\/index.php\/wp-json\/wp\/v2\/posts\/70263","targetHints":{"allow":["GET"]}}],"collection":[{"href":"https:\/\/lahora.mx\/index.php\/wp-json\/wp\/v2\/posts"}],"about":[{"href":"https:\/\/lahora.mx\/index.php\/wp-json\/wp\/v2\/types\/post"}],"author":[{"embeddable":true,"href":"https:\/\/lahora.mx\/index.php\/wp-json\/wp\/v2\/users\/1"}],"replies":[{"embeddable":true,"href":"https:\/\/lahora.mx\/index.php\/wp-json\/wp\/v2\/comments?post=70263"}],"version-history":[{"count":2,"href":"https:\/\/lahora.mx\/index.php\/wp-json\/wp\/v2\/posts\/70263\/revisions"}],"predecessor-version":[{"id":70271,"href":"https:\/\/lahora.mx\/index.php\/wp-json\/wp\/v2\/posts\/70263\/revisions\/70271"}],"wp:featuredmedia":[{"embeddable":true,"href":"https:\/\/lahora.mx\/index.php\/wp-json\/wp\/v2\/media\/70267"}],"wp:attachment":[{"href":"https:\/\/lahora.mx\/index.php\/wp-json\/wp\/v2\/media?parent=70263"}],"wp:term":[{"taxonomy":"category","embeddable":true,"href":"https:\/\/lahora.mx\/index.php\/wp-json\/wp\/v2\/categories?post=70263"},{"taxonomy":"post_tag","embeddable":true,"href":"https:\/\/lahora.mx\/index.php\/wp-json\/wp\/v2\/tags?post=70263"}],"curies":[{"name":"wp","href":"https:\/\/api.w.org\/{rel}","templated":true}]}}