{"id":70254,"date":"2025-10-27T15:55:00","date_gmt":"2025-10-27T15:55:00","guid":{"rendered":"https:\/\/lahora.mx\/?p=70254"},"modified":"2025-10-27T15:55:01","modified_gmt":"2025-10-27T15:55:01","slug":"se-registra-primera-helada-de-la-temporada-en-la-region-de-serdan","status":"publish","type":"post","link":"https:\/\/lahora.mx\/index.php\/2025\/10\/27\/se-registra-primera-helada-de-la-temporada-en-la-region-de-serdan\/","title":{"rendered":"Se registra primera helada de la temporada en la regi\u00f3n de Serd\u00e1n"},"content":{"rendered":"\n<p>La regi\u00f3n de Serd\u00e1n registr\u00f3 durante la madrugada de este domingo la primera helada de la temporada, con una temperatura m\u00ednima de 4 grados Celsius alrededor de las 3:00 de la ma\u00f1ana y 8 grados en las primeras horas de este d\u00eda.<\/p>\n\n\n\n<p>Habitantes de la zona compartieron im\u00e1genes del fen\u00f3meno, que dej\u00f3 paisajes cubiertos de escarcha en campos y veh\u00edculos.<\/p>\n\n\n\n<p>Las autoridades de Protecci\u00f3n Civil recomiendan tomar precauciones ante el descenso de temperatura, especialmente en comunidades rurales y zonas altas, y abrigarse adecuadamente para evitar enfermedades respiratorias.<\/p>\n","protected":false},"excerpt":{"rendered":"<p>La regi\u00f3n de Serd\u00e1n registr\u00f3 durante la madrugada de este domingo la primera helada de la temporada, con una temperatura m\u00ednima de 4 grados Celsius alrededor de las 3:00 de la ma\u00f1ana y 8 grados en las primeras horas de este d\u00eda. Habitantes de la zona compartieron im\u00e1genes del fen\u00f3meno, que dej\u00f3 paisajes cubiertos de [&hellip;]<\/p>\n","protected":false},"author":1,"featured_media":70255,"comment_status":"open","ping_status":"open","sticky":false,"template":"","format":"standard","meta":{"om_disable_all_campaigns":false,"_monsterinsights_skip_tracking":false,"_monsterinsights_sitenote_active":false,"_monsterinsights_sitenote_note":"","_monsterinsights_sitenote_category":0,"footnotes":""},"categories":[175],"tags":[223],"class_list":["post-70254","post","type-post","status-publish","format-standard","has-post-thumbnail","hentry","category-local","tag-puebla"],"amp_enabled":true,"_links":{"self":[{"href":"https:\/\/lahora.mx\/index.php\/wp-json\/wp\/v2\/posts\/70254","targetHints":{"allow":["GET"]}}],"collection":[{"href":"https:\/\/lahora.mx\/index.php\/wp-json\/wp\/v2\/posts"}],"about":[{"href":"https:\/\/lahora.mx\/index.php\/wp-json\/wp\/v2\/types\/post"}],"author":[{"embeddable":true,"href":"https:\/\/lahora.mx\/index.php\/wp-json\/wp\/v2\/users\/1"}],"replies":[{"embeddable":true,"href":"https:\/\/lahora.mx\/index.php\/wp-json\/wp\/v2\/comments?post=70254"}],"version-history":[{"count":1,"href":"https:\/\/lahora.mx\/index.php\/wp-json\/wp\/v2\/posts\/70254\/revisions"}],"predecessor-version":[{"id":70256,"href":"https:\/\/lahora.mx\/index.php\/wp-json\/wp\/v2\/posts\/70254\/revisions\/70256"}],"wp:featuredmedia":[{"embeddable":true,"href":"https:\/\/lahora.mx\/index.php\/wp-json\/wp\/v2\/media\/70255"}],"wp:attachment":[{"href":"https:\/\/lahora.mx\/index.php\/wp-json\/wp\/v2\/media?parent=70254"}],"wp:term":[{"taxonomy":"category","embeddable":true,"href":"https:\/\/lahora.mx\/index.php\/wp-json\/wp\/v2\/categories?post=70254"},{"taxonomy":"post_tag","embeddable":true,"href":"https:\/\/lahora.mx\/index.php\/wp-json\/wp\/v2\/tags?post=70254"}],"curies":[{"name":"wp","href":"https:\/\/api.w.org\/{rel}","templated":true}]}}