{"id":70230,"date":"2025-10-27T02:35:37","date_gmt":"2025-10-27T02:35:37","guid":{"rendered":"https:\/\/lahora.mx\/?p=70230"},"modified":"2025-10-27T02:35:38","modified_gmt":"2025-10-27T02:35:38","slug":"el-papa-leon-xiv-envia-mensaje-de-solidaridad-a-afectados-por-lluvias-en-mexico-y-puebla","status":"publish","type":"post","link":"https:\/\/lahora.mx\/index.php\/2025\/10\/27\/el-papa-leon-xiv-envia-mensaje-de-solidaridad-a-afectados-por-lluvias-en-mexico-y-puebla\/","title":{"rendered":"El Papa Le\u00f3n XIV env\u00eda mensaje de solidaridad a afectados por lluvias en M\u00e9xico y Puebla"},"content":{"rendered":"\n<p>A traves de redes sociales, el\u00a0<strong>Papa Le\u00f3n XIV<\/strong>\u00a0envi\u00f3 un <strong>mensaje de solidaridad para los afectados por las intensas lluvias\u00a0<\/strong> en M\u00e9xico y que dejaron\u00a0<strong>afectaciones en al menos cinco estados, incluyendo\u00a0<a href=\"https:\/\/www.oem.com.mx\/elsoldepuebla\/local\/catedral-de-puebla-estrena-altar-ambon-y-catedra-como-parte-de-su-renovacion-liturgica-25887954\" target=\"_blank\" rel=\"noreferrer noopener\">Puebla<\/a>.<\/strong><\/p>\n\n\n\n<p>En su cuenta en X (<strong>@Pontifex_es<\/strong>) el Papa\u00a0<strong>expres\u00f3 su cercan\u00eda para los afectados<\/strong>\u00a0y otorg\u00f3\u00a0<strong>un rezo para todas las familias como todos aquellos que sufren\u00a0<\/strong>a causa de la calamidad.<\/p>\n\n\n\n<p>\u00ab<strong><em>Quiero expresar mi cercan\u00eda a las poblaciones de M\u00e9xico oriental, que se han visto afectadas en estos d\u00edas por un aluvi\u00f3n. Rezo por las familias y por todos aquellos que sufren a causa de esta calamidad, y encomiendo al Se\u00f1or, por intercesi\u00f3n de la Virgen Santa, las almas de los difuntos<\/em><\/strong>\u00ab<\/p>\n\n\n\n<h3 class=\"wp-block-heading\">Arquidi\u00f3cesis de Puebla tambi\u00e9n se une a las plegarias por los afectados<\/h3>\n\n\n\n<p>En&nbsp;<strong>Puebla<\/strong>, el&nbsp;<strong>arzobispo V\u00edctor S\u00e1nchez Espinosa<\/strong>&nbsp;se uni\u00f3 a los rezos y a la b\u00fasqueda de oraci\u00f3n por las&nbsp;<strong>personas que se vieron afectadas por las lluvias en Puebla<\/strong>, en especial en la Sierra Norte.<\/p>\n","protected":false},"excerpt":{"rendered":"<p>A traves de redes sociales, el\u00a0Papa Le\u00f3n XIV\u00a0envi\u00f3 un mensaje de solidaridad para los afectados por las intensas lluvias\u00a0 en M\u00e9xico y que dejaron\u00a0afectaciones en al menos cinco estados, incluyendo\u00a0Puebla. En su cuenta en X (@Pontifex_es) el Papa\u00a0expres\u00f3 su cercan\u00eda para los afectados\u00a0y otorg\u00f3\u00a0un rezo para todas las familias como todos aquellos que sufren\u00a0a causa [&hellip;]<\/p>\n","protected":false},"author":1,"featured_media":70231,"comment_status":"open","ping_status":"open","sticky":false,"template":"","format":"standard","meta":{"om_disable_all_campaigns":false,"_monsterinsights_skip_tracking":false,"_monsterinsights_sitenote_active":false,"_monsterinsights_sitenote_note":"","_monsterinsights_sitenote_category":0,"footnotes":""},"categories":[175],"tags":[239,195,223],"class_list":["post-70230","post","type-post","status-publish","format-standard","has-post-thumbnail","hentry","category-local","tag-gobierno","tag-principal","tag-puebla"],"amp_enabled":true,"_links":{"self":[{"href":"https:\/\/lahora.mx\/index.php\/wp-json\/wp\/v2\/posts\/70230","targetHints":{"allow":["GET"]}}],"collection":[{"href":"https:\/\/lahora.mx\/index.php\/wp-json\/wp\/v2\/posts"}],"about":[{"href":"https:\/\/lahora.mx\/index.php\/wp-json\/wp\/v2\/types\/post"}],"author":[{"embeddable":true,"href":"https:\/\/lahora.mx\/index.php\/wp-json\/wp\/v2\/users\/1"}],"replies":[{"embeddable":true,"href":"https:\/\/lahora.mx\/index.php\/wp-json\/wp\/v2\/comments?post=70230"}],"version-history":[{"count":1,"href":"https:\/\/lahora.mx\/index.php\/wp-json\/wp\/v2\/posts\/70230\/revisions"}],"predecessor-version":[{"id":70232,"href":"https:\/\/lahora.mx\/index.php\/wp-json\/wp\/v2\/posts\/70230\/revisions\/70232"}],"wp:featuredmedia":[{"embeddable":true,"href":"https:\/\/lahora.mx\/index.php\/wp-json\/wp\/v2\/media\/70231"}],"wp:attachment":[{"href":"https:\/\/lahora.mx\/index.php\/wp-json\/wp\/v2\/media?parent=70230"}],"wp:term":[{"taxonomy":"category","embeddable":true,"href":"https:\/\/lahora.mx\/index.php\/wp-json\/wp\/v2\/categories?post=70230"},{"taxonomy":"post_tag","embeddable":true,"href":"https:\/\/lahora.mx\/index.php\/wp-json\/wp\/v2\/tags?post=70230"}],"curies":[{"name":"wp","href":"https:\/\/api.w.org\/{rel}","templated":true}]}}