{"id":70226,"date":"2025-10-27T01:51:32","date_gmt":"2025-10-27T01:51:32","guid":{"rendered":"https:\/\/lahora.mx\/?p=70226"},"modified":"2025-10-27T01:51:33","modified_gmt":"2025-10-27T01:51:33","slug":"pepe-chedraui-confirma-final-de-nascar-mexico-series-en-autodromo-miguel-e-abed","status":"publish","type":"post","link":"https:\/\/lahora.mx\/index.php\/2025\/10\/27\/pepe-chedraui-confirma-final-de-nascar-mexico-series-en-autodromo-miguel-e-abed\/","title":{"rendered":"Pepe Chedraui confirma final de Nascar M\u00e9xico Series en aut\u00f3dromo Miguel E. Abed"},"content":{"rendered":"\n<p>La final de la Nascar M\u00e9xico Series ser\u00e1 este 8 y 9 de noviembre, as\u00ed fue confirmado por el presidente municipal de Puebla, Jos\u00e9 Chedraui Budib, y Jimmy Morales, director general de la carrera.<\/p>\n\n\n\n<p>En un live, realizado en las redes sociales del alcalde de Puebla, Jos\u00e9 Chedraui, confirmaron que la final de la Nascar M\u00e9xico Series ser\u00e1 en el aut\u00f3dromo Miguel E. Abed, luego de que, en su momento, se analiz\u00f3 y se buscaba que la temporada 2025 concluyera en la Ciudad de M\u00e9xico.<\/p>\n\n\n\n<p>El edil de Puebla, Pepe Chedraui, se encontraba junto a Jimmy Morales, director general de Nascar M\u00e9xico Series, en el aut\u00f3dromo Hermanos Rodr\u00edguez, donde se llev\u00f3 a cabo el Gran Premio de M\u00e9xico.<\/p>\n\n\n\n<p>Previamente, el pasado 19 de octubre, en Aguascalientes, se definieron a los finalistas que pelear\u00e1n por el campeonato.<\/p>\n\n\n\n<p>Los finalistas de Nascar M\u00e9xico son:<\/p>\n\n\n\n<p>Germ\u00e1n Quiroga, quien gan\u00f3 en el \u00d3valo de Aguascalientes, as\u00ed como la \u00faltima vez que pis\u00f3 tierras poblanas. El originario del Estado de M\u00e9xico, ya cuenta con 3 t\u00edtulos<br>Alex de Alba, quien llegar\u00e1 a tierras poblanas como l\u00edder del campeonato de pilotos, por lo que la expectativa crece para ser candidato a obtener el t\u00edtulo<br>Julio Rej\u00f3n, quien le quit\u00f3 el pase a Xavi Razo, campe\u00f3n de la Temporada Regular 2024<br>Max Guti\u00e9rrez, quien ha tenido una excepcional temporada luego de cambiar de equipo<br>En cambio, en la categor\u00eda Challenge Series, se encuentra:<\/p>\n\n\n\n<p>Helio Meza, quien obtuvo el tercer lugar del podio en la categor\u00eda Challenge y con ello logra su pase a la final<br>Diego Ortiz, quien ha tenido una decente temporada<br>V\u00edctor Barrales, quien estuvo a punto de no ser parte de los cuatro pilotos que buscar\u00e1n el campeonato, luego de que Koke de la Parra no tuvo la suerte en el \u00d3valo de Aguascalientes, dejando as\u00ed, la lucha por el t\u00edtulo por segundo a\u00f1o consecutivo<br>Giancarlo Vecchi ser\u00e1 parte del enfrentamiento que se ver\u00e1 este 8 y 9 de noviembre en el aut\u00f3dromo Miguel E. Abed<\/p>\n","protected":false},"excerpt":{"rendered":"<p>La final de la Nascar M\u00e9xico Series ser\u00e1 este 8 y 9 de noviembre, as\u00ed fue confirmado por el presidente municipal de Puebla, Jos\u00e9 Chedraui Budib, y Jimmy Morales, director general de la carrera. En un live, realizado en las redes sociales del alcalde de Puebla, Jos\u00e9 Chedraui, confirmaron que la final de la Nascar [&hellip;]<\/p>\n","protected":false},"author":1,"featured_media":70227,"comment_status":"open","ping_status":"open","sticky":false,"template":"","format":"standard","meta":{"om_disable_all_campaigns":false,"_monsterinsights_skip_tracking":false,"_monsterinsights_sitenote_active":false,"_monsterinsights_sitenote_note":"","_monsterinsights_sitenote_category":0,"footnotes":""},"categories":[175,6],"tags":[],"class_list":["post-70226","post","type-post","status-publish","format-standard","has-post-thumbnail","hentry","category-local","category-sports"],"amp_enabled":true,"_links":{"self":[{"href":"https:\/\/lahora.mx\/index.php\/wp-json\/wp\/v2\/posts\/70226","targetHints":{"allow":["GET"]}}],"collection":[{"href":"https:\/\/lahora.mx\/index.php\/wp-json\/wp\/v2\/posts"}],"about":[{"href":"https:\/\/lahora.mx\/index.php\/wp-json\/wp\/v2\/types\/post"}],"author":[{"embeddable":true,"href":"https:\/\/lahora.mx\/index.php\/wp-json\/wp\/v2\/users\/1"}],"replies":[{"embeddable":true,"href":"https:\/\/lahora.mx\/index.php\/wp-json\/wp\/v2\/comments?post=70226"}],"version-history":[{"count":1,"href":"https:\/\/lahora.mx\/index.php\/wp-json\/wp\/v2\/posts\/70226\/revisions"}],"predecessor-version":[{"id":70228,"href":"https:\/\/lahora.mx\/index.php\/wp-json\/wp\/v2\/posts\/70226\/revisions\/70228"}],"wp:featuredmedia":[{"embeddable":true,"href":"https:\/\/lahora.mx\/index.php\/wp-json\/wp\/v2\/media\/70227"}],"wp:attachment":[{"href":"https:\/\/lahora.mx\/index.php\/wp-json\/wp\/v2\/media?parent=70226"}],"wp:term":[{"taxonomy":"category","embeddable":true,"href":"https:\/\/lahora.mx\/index.php\/wp-json\/wp\/v2\/categories?post=70226"},{"taxonomy":"post_tag","embeddable":true,"href":"https:\/\/lahora.mx\/index.php\/wp-json\/wp\/v2\/tags?post=70226"}],"curies":[{"name":"wp","href":"https:\/\/api.w.org\/{rel}","templated":true}]}}