{"id":70223,"date":"2025-10-27T01:49:35","date_gmt":"2025-10-27T01:49:35","guid":{"rendered":"https:\/\/lahora.mx\/?p=70223"},"modified":"2025-10-27T03:04:50","modified_gmt":"2025-10-27T03:04:50","slug":"despiden-en-privado-a-manuel-lapuente-en-la-funeraria-camino-al-cielo-en-puebla","status":"publish","type":"post","link":"https:\/\/lahora.mx\/index.php\/2025\/10\/27\/despiden-en-privado-a-manuel-lapuente-en-la-funeraria-camino-al-cielo-en-puebla\/","title":{"rendered":"Despiden en privado a Manuel Lapuente en Puebla"},"content":{"rendered":"\n<p>A poco menos de 24 horas de confirmarse su lamentable fallecimiento, familiares y amigos cercanos del legendario t\u00e9cnico Manuel Lapuente despidieron sus restos en una ceremonia privada realizada la noche del s\u00e1bado en la funeraria \u201cCamino al Cielo\u201d, ubicada sobre el bulevar Forjadores, en la colonia Bello Horizonte. Asimismo, una misa en su memoria se celebr\u00f3 la ma\u00f1ana de este domingo en la que fuera su residencia, en el municipio de Atlixco.<\/p>\n\n\n\n<p>De acuerdo con reportes, los servicios se llevaron a cabo de forma reservada, atendiendo el deseo de la familia de mantener el adi\u00f3s al exentrenador lejos del p\u00fablico y de los reflectores. Posteriormente, el cuerpo de Lapuente fue cremado, marcando el cierre de una jornada de profundo duelo en el futbol mexicano.<\/p>\n\n\n\n<p>Este domingo, familiares, amigos y allegados se reunieron nuevamente, esta vez en la residencia de Manuel Lapuente en Atlixco, donde se ofici\u00f3 una misa en su memoria. La ceremonia religiosa fue sencilla y emotiva, en la que se record\u00f3 al estratega no solo por sus logros deportivos, sino tambi\u00e9n por su calidad humana y su legado como formador de generaciones, dentro y fuera de la cancha.<\/p>\n\n\n\n<p>Manuel Lapuente, quien falleci\u00f3 el s\u00e1bado 25 de octubre a los 81 a\u00f1os, es considerado una de las figuras m\u00e1s importantes en la historia del Club Puebla, al ser el \u00fanico entrenador que logr\u00f3 conquistar dos t\u00edtulos de liga con la instituci\u00f3n: en las temporadas 1982-83 y 1989-90, esta \u00faltima cuando el equipo alcanz\u00f3 el hist\u00f3rico t\u00edtulo de \u201ccampeon\u00edsimo\u201d.<\/p>\n\n\n\n<p>Su trayectoria trascendi\u00f3 las fronteras poblanas: fue campe\u00f3n con Necaxa y Am\u00e9rica, dirigi\u00f3 a la Selecci\u00f3n Mexicana en el Mundial de Francia 1998 y conquist\u00f3 la Copa Confederaciones en 1999. A lo largo de su carrera, acumul\u00f3 m\u00e1s de 800 partidos como director t\u00e9cnico y dej\u00f3 una huella imborrable en el futbol nacional.<\/p>\n\n\n\n<p>La comunidad futbol\u00edstica contin\u00faa rindiendo homenajes al \u201cJefe\u201d Lapuente, un orgullo poblano con ra\u00edces en Teziutl\u00e1n, cuyo legado como estratega y formador seguir\u00e1 vivo en la memoria de jugadores, colegas y aficionados que lo admiraron durante m\u00e1s de cinco d\u00e9cadas de trayectoria.<\/p>\n\n\n\n<p><\/p>\n","protected":false},"excerpt":{"rendered":"<p>A poco menos de 24 horas de confirmarse su lamentable fallecimiento, familiares y amigos cercanos del legendario t\u00e9cnico Manuel Lapuente despidieron sus restos en una ceremonia privada realizada la noche del s\u00e1bado en la funeraria \u201cCamino al Cielo\u201d, ubicada sobre el bulevar Forjadores, en la colonia Bello Horizonte. Asimismo, una misa en su memoria se [&hellip;]<\/p>\n","protected":false},"author":1,"featured_media":70225,"comment_status":"open","ping_status":"open","sticky":false,"template":"","format":"standard","meta":{"om_disable_all_campaigns":false,"_monsterinsights_skip_tracking":false,"_monsterinsights_sitenote_active":false,"_monsterinsights_sitenote_note":"","_monsterinsights_sitenote_category":0,"footnotes":""},"categories":[6],"tags":[],"class_list":["post-70223","post","type-post","status-publish","format-standard","has-post-thumbnail","hentry","category-sports"],"amp_enabled":true,"_links":{"self":[{"href":"https:\/\/lahora.mx\/index.php\/wp-json\/wp\/v2\/posts\/70223","targetHints":{"allow":["GET"]}}],"collection":[{"href":"https:\/\/lahora.mx\/index.php\/wp-json\/wp\/v2\/posts"}],"about":[{"href":"https:\/\/lahora.mx\/index.php\/wp-json\/wp\/v2\/types\/post"}],"author":[{"embeddable":true,"href":"https:\/\/lahora.mx\/index.php\/wp-json\/wp\/v2\/users\/1"}],"replies":[{"embeddable":true,"href":"https:\/\/lahora.mx\/index.php\/wp-json\/wp\/v2\/comments?post=70223"}],"version-history":[{"count":3,"href":"https:\/\/lahora.mx\/index.php\/wp-json\/wp\/v2\/posts\/70223\/revisions"}],"predecessor-version":[{"id":70234,"href":"https:\/\/lahora.mx\/index.php\/wp-json\/wp\/v2\/posts\/70223\/revisions\/70234"}],"wp:featuredmedia":[{"embeddable":true,"href":"https:\/\/lahora.mx\/index.php\/wp-json\/wp\/v2\/media\/70225"}],"wp:attachment":[{"href":"https:\/\/lahora.mx\/index.php\/wp-json\/wp\/v2\/media?parent=70223"}],"wp:term":[{"taxonomy":"category","embeddable":true,"href":"https:\/\/lahora.mx\/index.php\/wp-json\/wp\/v2\/categories?post=70223"},{"taxonomy":"post_tag","embeddable":true,"href":"https:\/\/lahora.mx\/index.php\/wp-json\/wp\/v2\/tags?post=70223"}],"curies":[{"name":"wp","href":"https:\/\/api.w.org\/{rel}","templated":true}]}}