{"id":70185,"date":"2025-10-26T21:16:20","date_gmt":"2025-10-26T21:16:20","guid":{"rendered":"https:\/\/lahora.mx\/?p=70185"},"modified":"2025-10-26T21:16:21","modified_gmt":"2025-10-26T21:16:21","slug":"meta-integra-inteligencia-artificial-generativa-en-las-historias-de-instagram","status":"publish","type":"post","link":"https:\/\/lahora.mx\/index.php\/2025\/10\/26\/meta-integra-inteligencia-artificial-generativa-en-las-historias-de-instagram\/","title":{"rendered":"Meta integra Inteligencia Artificial generativa en las historias de Instagram"},"content":{"rendered":"\n<p>La empresa tecnol\u00f3gica Meta ha introducido nuevas funciones de edici\u00f3n con Meta AI en las historias de Instagram , permitiendo a los usuarios modificar im\u00e1genes y v\u00eddeos mediante indicaciones de texto, aprovechando as\u00ed las capacidades de la Inteligencia Artificial generativa .<\/p>\n\n\n\n<p>Esta herramienta facilita tanto ajustes sutiles como transformaciones significativas en los contenidos visuales antes de ser compartidos como historias. Bajo el nombre de &#8216;Restyle&#8217; , esta funci\u00f3n permite eliminar elementos no deseados en la imagen o el v\u00eddeo, reconstruir fondos y a\u00f1adir detalles decorativos, seg\u00fan lo explicado por la compa\u00f1\u00eda en su blog oficial.<br><br>Adem\u00e1s, los usuarios pueden aplicar distintos estilos predeterminados que otorgan al contenido una apariencia art\u00edstica espec\u00edfica, como las est\u00e9ticas de anime , manga o videojuego retro en 8 bits , entre otras. Tambi\u00e9n se pueden a\u00f1adir instrucciones personalizadas para realizar cambios adicionales.<\/p>\n\n\n\n<p>Para fomentar la creatividad colaborativa entre los usuarios, Meta ha incorporado la opci\u00f3n &#8216;Add Yours&#8217; (en espa\u00f1ol, &#8216;A\u00f1ade los tuyos&#8217; ), una etiqueta que permite que otros se inspiren y contribuyan con sus propias versiones del contenido creado.<\/p>\n","protected":false},"excerpt":{"rendered":"<p>La empresa tecnol\u00f3gica Meta ha introducido nuevas funciones de edici\u00f3n con Meta AI en las historias de Instagram , permitiendo a los usuarios modificar im\u00e1genes y v\u00eddeos mediante indicaciones de texto, aprovechando as\u00ed las capacidades de la Inteligencia Artificial generativa . Esta herramienta facilita tanto ajustes sutiles como transformaciones significativas en los contenidos visuales antes [&hellip;]<\/p>\n","protected":false},"author":1,"featured_media":70186,"comment_status":"open","ping_status":"open","sticky":false,"template":"","format":"standard","meta":{"om_disable_all_campaigns":false,"_monsterinsights_skip_tracking":false,"_monsterinsights_sitenote_active":false,"_monsterinsights_sitenote_note":"","_monsterinsights_sitenote_category":0,"footnotes":""},"categories":[7],"tags":[223],"class_list":["post-70185","post","type-post","status-publish","format-standard","has-post-thumbnail","hentry","category-geek","tag-puebla"],"amp_enabled":true,"_links":{"self":[{"href":"https:\/\/lahora.mx\/index.php\/wp-json\/wp\/v2\/posts\/70185","targetHints":{"allow":["GET"]}}],"collection":[{"href":"https:\/\/lahora.mx\/index.php\/wp-json\/wp\/v2\/posts"}],"about":[{"href":"https:\/\/lahora.mx\/index.php\/wp-json\/wp\/v2\/types\/post"}],"author":[{"embeddable":true,"href":"https:\/\/lahora.mx\/index.php\/wp-json\/wp\/v2\/users\/1"}],"replies":[{"embeddable":true,"href":"https:\/\/lahora.mx\/index.php\/wp-json\/wp\/v2\/comments?post=70185"}],"version-history":[{"count":1,"href":"https:\/\/lahora.mx\/index.php\/wp-json\/wp\/v2\/posts\/70185\/revisions"}],"predecessor-version":[{"id":70187,"href":"https:\/\/lahora.mx\/index.php\/wp-json\/wp\/v2\/posts\/70185\/revisions\/70187"}],"wp:featuredmedia":[{"embeddable":true,"href":"https:\/\/lahora.mx\/index.php\/wp-json\/wp\/v2\/media\/70186"}],"wp:attachment":[{"href":"https:\/\/lahora.mx\/index.php\/wp-json\/wp\/v2\/media?parent=70185"}],"wp:term":[{"taxonomy":"category","embeddable":true,"href":"https:\/\/lahora.mx\/index.php\/wp-json\/wp\/v2\/categories?post=70185"},{"taxonomy":"post_tag","embeddable":true,"href":"https:\/\/lahora.mx\/index.php\/wp-json\/wp\/v2\/tags?post=70185"}],"curies":[{"name":"wp","href":"https:\/\/api.w.org\/{rel}","templated":true}]}}