{"id":70167,"date":"2025-10-26T20:01:49","date_gmt":"2025-10-26T20:01:49","guid":{"rendered":"https:\/\/lahora.mx\/?p=70167"},"modified":"2025-10-26T20:01:50","modified_gmt":"2025-10-26T20:01:50","slug":"mas-de-108-mil-200-apoyos-entregados-a-damnificados-sedif","status":"publish","type":"post","link":"https:\/\/lahora.mx\/index.php\/2025\/10\/26\/mas-de-108-mil-200-apoyos-entregados-a-damnificados-sedif\/","title":{"rendered":"M\u00e1s de 108 mil 200 apoyos entregados a damnificados: SEDIF"},"content":{"rendered":"\n<p>La solidaridad de la sociedad se dej\u00f3 ver al recibir 41 camiones de donaciones, dijo Valdez Zayas.<\/p>\n\n\n\n<p>CIUDAD DE PUEBLA, Pue.- Durante los 15 d\u00edas de trabajo y acciones en apoyo a las familias damnificadas por las fuertes lluvias de la Sierra Norte, el Sistema Estatal para el Desarrollo Integral de la Familia (SEDIF) ha entregado m\u00e1s de 108 mil 200 beneficios, adem\u00e1s de consultas de psicolog\u00eda para asegurar una salud mental s\u00f3lida. Todo lo anterior gracias a la suma de esfuerzos y coordinaci\u00f3n con la sociedad solidaria, inform\u00f3 el director general del organismo, Juan Carlos Valdez Zayas.<\/p>\n\n\n\n<p>De igual manera, se\u00f1al\u00f3 que durante este lapso se han recibido 41 camiones de donativos entre comestibles, art\u00edculos de vestir, higiene personal y limpieza, as\u00ed como de agua embotellada, utensilios de construcci\u00f3n, catres entre otros, que representan m\u00e1s de 280 toneladas de v\u00edveres.<\/p>\n\n\n\n<p>Asimismo, detall\u00f3 que del total, fueron 17 mil 018 cobertores, 7 mil 433 colchonetas, 75 mil 589 despensas, 922 pares de botas, 887 palas, 649 picos, 510 carretillas, 490 catres, 715 guantes de carnaza, mil 810 paquetes de higiene personal y mil 805 de limpieza.<\/p>\n\n\n\n<p>Valdez Zayas dijo que la presidenta del Patronato del Sistema Estatal DIF, Ceci Arellano, sigue atenta a que las labores de recolecci\u00f3n, clasificaci\u00f3n y distribuci\u00f3n de los donativos se realicen de manera \u00e1gil y segura, para que la ayuda llegue en el menor tiempo posible a las zonas afectadas.<\/p>\n\n\n\n<p>\u201cEste esfuerzo conjunto representa una clara muestra de empat\u00eda y compromiso con las familias que atraviesan momentos dif\u00edciles por los fen\u00f3menos naturales de las \u00faltimas semanas\u201d, resalt\u00f3 el servidor p\u00fablico.<\/p>\n\n\n\n<p>Por \u00faltimo, el director general subray\u00f3 que el Sistema Estatal DIF reafirma su compromiso con el bienestar de las familias poblanas, al promover acciones solidarias y humanitarias que fortalezcan la reconstrucci\u00f3n y el desarrollo de las comunidades afectadas.<\/p>\n\n\n\n<p><\/p>\n","protected":false},"excerpt":{"rendered":"<p>La solidaridad de la sociedad se dej\u00f3 ver al recibir 41 camiones de donaciones, dijo Valdez Zayas. CIUDAD DE PUEBLA, Pue.- Durante los 15 d\u00edas de trabajo y acciones en apoyo a las familias damnificadas por las fuertes lluvias de la Sierra Norte, el Sistema Estatal para el Desarrollo Integral de la Familia (SEDIF) ha [&hellip;]<\/p>\n","protected":false},"author":1,"featured_media":70168,"comment_status":"open","ping_status":"open","sticky":false,"template":"","format":"standard","meta":{"om_disable_all_campaigns":false,"_monsterinsights_skip_tracking":false,"_monsterinsights_sitenote_active":false,"_monsterinsights_sitenote_note":"","_monsterinsights_sitenote_category":0,"footnotes":""},"categories":[175],"tags":[239,223],"class_list":["post-70167","post","type-post","status-publish","format-standard","has-post-thumbnail","hentry","category-local","tag-gobierno","tag-puebla"],"amp_enabled":true,"_links":{"self":[{"href":"https:\/\/lahora.mx\/index.php\/wp-json\/wp\/v2\/posts\/70167","targetHints":{"allow":["GET"]}}],"collection":[{"href":"https:\/\/lahora.mx\/index.php\/wp-json\/wp\/v2\/posts"}],"about":[{"href":"https:\/\/lahora.mx\/index.php\/wp-json\/wp\/v2\/types\/post"}],"author":[{"embeddable":true,"href":"https:\/\/lahora.mx\/index.php\/wp-json\/wp\/v2\/users\/1"}],"replies":[{"embeddable":true,"href":"https:\/\/lahora.mx\/index.php\/wp-json\/wp\/v2\/comments?post=70167"}],"version-history":[{"count":1,"href":"https:\/\/lahora.mx\/index.php\/wp-json\/wp\/v2\/posts\/70167\/revisions"}],"predecessor-version":[{"id":70169,"href":"https:\/\/lahora.mx\/index.php\/wp-json\/wp\/v2\/posts\/70167\/revisions\/70169"}],"wp:featuredmedia":[{"embeddable":true,"href":"https:\/\/lahora.mx\/index.php\/wp-json\/wp\/v2\/media\/70168"}],"wp:attachment":[{"href":"https:\/\/lahora.mx\/index.php\/wp-json\/wp\/v2\/media?parent=70167"}],"wp:term":[{"taxonomy":"category","embeddable":true,"href":"https:\/\/lahora.mx\/index.php\/wp-json\/wp\/v2\/categories?post=70167"},{"taxonomy":"post_tag","embeddable":true,"href":"https:\/\/lahora.mx\/index.php\/wp-json\/wp\/v2\/tags?post=70167"}],"curies":[{"name":"wp","href":"https:\/\/api.w.org\/{rel}","templated":true}]}}