{"id":70164,"date":"2025-10-26T19:54:30","date_gmt":"2025-10-26T19:54:30","guid":{"rendered":"https:\/\/lahora.mx\/?p=70164"},"modified":"2025-10-26T19:54:30","modified_gmt":"2025-10-26T19:54:30","slug":"bloquean-la-autopista-puebla-atlixco-para-exigir-encuentren-a-la-maestra-jessica-portillo","status":"publish","type":"post","link":"https:\/\/lahora.mx\/index.php\/2025\/10\/26\/bloquean-la-autopista-puebla-atlixco-para-exigir-encuentren-a-la-maestra-jessica-portillo\/","title":{"rendered":"Bloquean la autopista Puebla\u2013Atlixco para exigir encuentren a la maestra Jessica Portillo"},"content":{"rendered":"\n<p>Familiares, amigos y\u00a0<strong>compa\u00f1eros de trabajo de la\u00a0<\/strong>Maestra, Jessica Portillo, de 43 a\u00f1os de edad, bloquearon la Autopista Puebla-Atlixco, para exigir se intensifique la b\u00fasqueda de la mujer, <strong>reportada como desaparecida<\/strong>\u00a0desde el pasado 23 de octubre<\/p>\n\n\n\n<p>Los manifestantes<strong>\u00a0denunciaron la falta de avances en la investigaci\u00f3n por parte de la fiscal\u00eda general del estado,\u00a0<\/strong>la cual afirmaron a tenido una lenta respuesta y eso podr\u00eda poner en mayor riesgo a la profesora de la cual no hay indicios de su paradero.<\/p>\n\n\n\n<p> Desde temprana hora, los inconformes cerraron la circulaci\u00f3n en ambos sentidos de la v\u00eda, lo que ha generado un importante caos vehicular.<\/p>\n\n\n\n<p>De acuerdo con la informaci\u00f3n oficial,<strong>\u00a0Jessica Portillo Aguilar fue vista por \u00faltima vez al abordar un autob\u00fas con destino a la ciudad de Puebla,\u00a0<\/strong>en la terminal de Atlixco. Desde ese momento se desconoce su paradero. La FGE activ\u00f3 el Protocolo Alba para su b\u00fasqueda y localizaci\u00f3n.<\/p>\n\n\n\n<p>Tras varias horas y dialog\u00f3 con las autoridades, los manifestantes se retiraron y fue reabierta la caseta de la autopista Puebla Atlixco, liberando el tr\u00e1fico en la zona y en la carretera Federal<\/p>\n","protected":false},"excerpt":{"rendered":"<p>Familiares, amigos y\u00a0compa\u00f1eros de trabajo de la\u00a0Maestra, Jessica Portillo, de 43 a\u00f1os de edad, bloquearon la Autopista Puebla-Atlixco, para exigir se intensifique la b\u00fasqueda de la mujer, reportada como desaparecida\u00a0desde el pasado 23 de octubre Los manifestantes\u00a0denunciaron la falta de avances en la investigaci\u00f3n por parte de la fiscal\u00eda general del estado,\u00a0la cual afirmaron a [&hellip;]<\/p>\n","protected":false},"author":1,"featured_media":70165,"comment_status":"open","ping_status":"open","sticky":false,"template":"","format":"standard","meta":{"om_disable_all_campaigns":false,"_monsterinsights_skip_tracking":false,"_monsterinsights_sitenote_active":false,"_monsterinsights_sitenote_note":"","_monsterinsights_sitenote_category":0,"footnotes":""},"categories":[175],"tags":[250,195,223],"class_list":["post-70164","post","type-post","status-publish","format-standard","has-post-thumbnail","hentry","category-local","tag-atlixco","tag-principal","tag-puebla"],"amp_enabled":true,"_links":{"self":[{"href":"https:\/\/lahora.mx\/index.php\/wp-json\/wp\/v2\/posts\/70164","targetHints":{"allow":["GET"]}}],"collection":[{"href":"https:\/\/lahora.mx\/index.php\/wp-json\/wp\/v2\/posts"}],"about":[{"href":"https:\/\/lahora.mx\/index.php\/wp-json\/wp\/v2\/types\/post"}],"author":[{"embeddable":true,"href":"https:\/\/lahora.mx\/index.php\/wp-json\/wp\/v2\/users\/1"}],"replies":[{"embeddable":true,"href":"https:\/\/lahora.mx\/index.php\/wp-json\/wp\/v2\/comments?post=70164"}],"version-history":[{"count":1,"href":"https:\/\/lahora.mx\/index.php\/wp-json\/wp\/v2\/posts\/70164\/revisions"}],"predecessor-version":[{"id":70166,"href":"https:\/\/lahora.mx\/index.php\/wp-json\/wp\/v2\/posts\/70164\/revisions\/70166"}],"wp:featuredmedia":[{"embeddable":true,"href":"https:\/\/lahora.mx\/index.php\/wp-json\/wp\/v2\/media\/70165"}],"wp:attachment":[{"href":"https:\/\/lahora.mx\/index.php\/wp-json\/wp\/v2\/media?parent=70164"}],"wp:term":[{"taxonomy":"category","embeddable":true,"href":"https:\/\/lahora.mx\/index.php\/wp-json\/wp\/v2\/categories?post=70164"},{"taxonomy":"post_tag","embeddable":true,"href":"https:\/\/lahora.mx\/index.php\/wp-json\/wp\/v2\/tags?post=70164"}],"curies":[{"name":"wp","href":"https:\/\/api.w.org\/{rel}","templated":true}]}}