{"id":70158,"date":"2025-10-26T04:59:02","date_gmt":"2025-10-26T04:59:02","guid":{"rendered":"https:\/\/lahora.mx\/?p=70158"},"modified":"2025-10-26T04:59:03","modified_gmt":"2025-10-26T04:59:03","slug":"fallece-manuel-lapuente-a-los-81-anos","status":"publish","type":"post","link":"https:\/\/lahora.mx\/index.php\/2025\/10\/26\/fallece-manuel-lapuente-a-los-81-anos\/","title":{"rendered":"Fallece Manuel Lapuente a los 81 a\u00f1os"},"content":{"rendered":"\n<p><strong>Manuel Lapuente<\/strong>, exdirector t\u00e9cnico de la\u00a0Selecci\u00f3n Mexicana\u00a0en el Mundial Francia 98, falleci\u00f3 este s\u00e1bado a los 81 a\u00f1os.<\/p>\n\n\n\n<p><strong>\u2018Manolo\u2019<\/strong>, como se le dec\u00eda de cari\u00f1o, fue el estratega que comand\u00f3 al Tricolor a los octavos de final en la\u00a0<strong>Copa del Mundo de Francia 1998<\/strong>, adem\u00e1s de que logr\u00f3 el t\u00edtulo de la\u00a0<strong>Copa Confederaciones 1999<\/strong>\u00a0en el\u00a0Estadio Azteca\u00a0ante Brasil.<\/p>\n\n\n\n<p>El exdirector t\u00e9cnico de futbol mexicano,\u00a0<strong>Manuel Lapuente D\u00edaz<\/strong>, quien logr\u00f3 cuatro campeonatos con el Puebla en la d\u00e9cada de los ochenta, falleci\u00f3 este s\u00e1bado<\/p>\n\n\n\n<p>La noticia la confirm\u00f3 el periodista deportivo&nbsp;<strong>Ra\u00fal Orva\u00f1anos<\/strong>&nbsp;en sus redes sociales; extraoficialmente medios se\u00f1alaron que muri\u00f3 en la capital del estado poblano.<\/p>\n\n\n\n<p>En el partido del Tigres contra Tijuana de hoy que comenz\u00f3 a las 17:00 horas, comentaristas de&nbsp;<strong>TV Azteca<\/strong>&nbsp;se\u00f1alaron que el tambi\u00e9n exjugador de futbol&nbsp;<strong>llevaba tiempo enfermo<\/strong>&nbsp;y en situaci\u00f3n delicada. La causa de muerte no se confirma.<\/p>\n","protected":false},"excerpt":{"rendered":"<p>Manuel Lapuente, exdirector t\u00e9cnico de la\u00a0Selecci\u00f3n Mexicana\u00a0en el Mundial Francia 98, falleci\u00f3 este s\u00e1bado a los 81 a\u00f1os. \u2018Manolo\u2019, como se le dec\u00eda de cari\u00f1o, fue el estratega que comand\u00f3 al Tricolor a los octavos de final en la\u00a0Copa del Mundo de Francia 1998, adem\u00e1s de que logr\u00f3 el t\u00edtulo de la\u00a0Copa Confederaciones 1999\u00a0en el\u00a0Estadio [&hellip;]<\/p>\n","protected":false},"author":1,"featured_media":70159,"comment_status":"open","ping_status":"open","sticky":false,"template":"","format":"standard","meta":{"om_disable_all_campaigns":false,"_monsterinsights_skip_tracking":false,"_monsterinsights_sitenote_active":false,"_monsterinsights_sitenote_note":"","_monsterinsights_sitenote_category":0,"footnotes":""},"categories":[176,6],"tags":[261],"class_list":["post-70158","post","type-post","status-publish","format-standard","has-post-thumbnail","hentry","category-nacional","category-sports","tag-deportes"],"amp_enabled":true,"_links":{"self":[{"href":"https:\/\/lahora.mx\/index.php\/wp-json\/wp\/v2\/posts\/70158","targetHints":{"allow":["GET"]}}],"collection":[{"href":"https:\/\/lahora.mx\/index.php\/wp-json\/wp\/v2\/posts"}],"about":[{"href":"https:\/\/lahora.mx\/index.php\/wp-json\/wp\/v2\/types\/post"}],"author":[{"embeddable":true,"href":"https:\/\/lahora.mx\/index.php\/wp-json\/wp\/v2\/users\/1"}],"replies":[{"embeddable":true,"href":"https:\/\/lahora.mx\/index.php\/wp-json\/wp\/v2\/comments?post=70158"}],"version-history":[{"count":1,"href":"https:\/\/lahora.mx\/index.php\/wp-json\/wp\/v2\/posts\/70158\/revisions"}],"predecessor-version":[{"id":70160,"href":"https:\/\/lahora.mx\/index.php\/wp-json\/wp\/v2\/posts\/70158\/revisions\/70160"}],"wp:featuredmedia":[{"embeddable":true,"href":"https:\/\/lahora.mx\/index.php\/wp-json\/wp\/v2\/media\/70159"}],"wp:attachment":[{"href":"https:\/\/lahora.mx\/index.php\/wp-json\/wp\/v2\/media?parent=70158"}],"wp:term":[{"taxonomy":"category","embeddable":true,"href":"https:\/\/lahora.mx\/index.php\/wp-json\/wp\/v2\/categories?post=70158"},{"taxonomy":"post_tag","embeddable":true,"href":"https:\/\/lahora.mx\/index.php\/wp-json\/wp\/v2\/tags?post=70158"}],"curies":[{"name":"wp","href":"https:\/\/api.w.org\/{rel}","templated":true}]}}