{"id":70154,"date":"2025-10-26T03:59:09","date_gmt":"2025-10-26T03:59:09","guid":{"rendered":"https:\/\/lahora.mx\/?p=70154"},"modified":"2025-10-26T03:59:09","modified_gmt":"2025-10-26T03:59:09","slug":"reabren-el-paso-vehicular-en-el-bulevar-aeropuerto","status":"publish","type":"post","link":"https:\/\/lahora.mx\/index.php\/2025\/10\/26\/reabren-el-paso-vehicular-en-el-bulevar-aeropuerto\/","title":{"rendered":"Reabren el paso vehicular en el Bulevar Aeropuerto"},"content":{"rendered":"\n<p>Derivado del socav\u00f3n en la vialidad se ejecutaron obras mayores con m\u00f3dulos de maquinaria y pavimentaci\u00f3n.<\/p>\n\n\n\n<p>Continuar\u00e1n labores de pintura en defensas met\u00e1licas y colocaci\u00f3n de se\u00f1al\u00e9tica horizontal y vertical en la zona, por lo que se exhorta a manejar con precauci\u00f3n.<\/p>\n\n\n\n<p>HUEJOTZINGO, Pue.- El Gobierno del Estado inform\u00f3 que la poblaci\u00f3n que qued\u00f3 reabierto a la circulaci\u00f3n vehicular el Bulevar Aeropuerto, por lo que ya hay acceso desde la autopista M\u00e9xico-Puebla. <\/p>\n\n\n\n<p>La Secretar\u00eda de Infraestructura, con los m\u00f3dulos de maquinaria y de pavimentaci\u00f3n, recuper\u00f3 esta v\u00eda de comunicaci\u00f3n que present\u00f3 afectaciones causadas desde su construcci\u00f3n, mismas que ya fueron subsanadas. Con esta obra, el bulevar tendra una vida \u00fatil de 30 a\u00f1os para el bienestar de la poblaci\u00f3n.<\/p>\n\n\n\n<p>A pesar de la reapertura, continuar\u00e1n trabajos de pintura en defensas met\u00e1licas, as\u00ed como instalaci\u00f3n de se\u00f1al\u00e9tica horizontal y vertical, por lo que la dependencia exhorta a las y los automovilistas a circular con precauci\u00f3n y respetar a las cuadrillas de trabajadores. <\/p>\n\n\n\n<p>En sincron\u00eda con la directriz de la presidenta Claudia Sheinbaum y el liderazgo del gobernador Alejandro Armenta, se busca hacer de las vialidades Senderos de Paz que lleven progreso y bienestar a las familias, as\u00ed como impulsar a los sectores productivos.<\/p>\n","protected":false},"excerpt":{"rendered":"<p>Derivado del socav\u00f3n en la vialidad se ejecutaron obras mayores con m\u00f3dulos de maquinaria y pavimentaci\u00f3n. Continuar\u00e1n labores de pintura en defensas met\u00e1licas y colocaci\u00f3n de se\u00f1al\u00e9tica horizontal y vertical en la zona, por lo que se exhorta a manejar con precauci\u00f3n. HUEJOTZINGO, Pue.- El Gobierno del Estado inform\u00f3 que la poblaci\u00f3n que qued\u00f3 reabierto [&hellip;]<\/p>\n","protected":false},"author":1,"featured_media":70155,"comment_status":"open","ping_status":"open","sticky":false,"template":"","format":"standard","meta":{"om_disable_all_campaigns":false,"_monsterinsights_skip_tracking":false,"_monsterinsights_sitenote_active":false,"_monsterinsights_sitenote_note":"","_monsterinsights_sitenote_category":0,"footnotes":""},"categories":[175],"tags":[],"class_list":["post-70154","post","type-post","status-publish","format-standard","has-post-thumbnail","hentry","category-local"],"amp_enabled":true,"_links":{"self":[{"href":"https:\/\/lahora.mx\/index.php\/wp-json\/wp\/v2\/posts\/70154","targetHints":{"allow":["GET"]}}],"collection":[{"href":"https:\/\/lahora.mx\/index.php\/wp-json\/wp\/v2\/posts"}],"about":[{"href":"https:\/\/lahora.mx\/index.php\/wp-json\/wp\/v2\/types\/post"}],"author":[{"embeddable":true,"href":"https:\/\/lahora.mx\/index.php\/wp-json\/wp\/v2\/users\/1"}],"replies":[{"embeddable":true,"href":"https:\/\/lahora.mx\/index.php\/wp-json\/wp\/v2\/comments?post=70154"}],"version-history":[{"count":1,"href":"https:\/\/lahora.mx\/index.php\/wp-json\/wp\/v2\/posts\/70154\/revisions"}],"predecessor-version":[{"id":70156,"href":"https:\/\/lahora.mx\/index.php\/wp-json\/wp\/v2\/posts\/70154\/revisions\/70156"}],"wp:featuredmedia":[{"embeddable":true,"href":"https:\/\/lahora.mx\/index.php\/wp-json\/wp\/v2\/media\/70155"}],"wp:attachment":[{"href":"https:\/\/lahora.mx\/index.php\/wp-json\/wp\/v2\/media?parent=70154"}],"wp:term":[{"taxonomy":"category","embeddable":true,"href":"https:\/\/lahora.mx\/index.php\/wp-json\/wp\/v2\/categories?post=70154"},{"taxonomy":"post_tag","embeddable":true,"href":"https:\/\/lahora.mx\/index.php\/wp-json\/wp\/v2\/tags?post=70154"}],"curies":[{"name":"wp","href":"https:\/\/api.w.org\/{rel}","templated":true}]}}