{"id":70145,"date":"2025-10-25T14:10:28","date_gmt":"2025-10-25T14:10:28","guid":{"rendered":"https:\/\/lahora.mx\/?p=70145"},"modified":"2025-10-25T14:10:29","modified_gmt":"2025-10-25T14:10:29","slug":"semarnat-autoriza-el-ecoparque-tlalli-malinche","status":"publish","type":"post","link":"https:\/\/lahora.mx\/index.php\/2025\/10\/25\/semarnat-autoriza-el-ecoparque-tlalli-malinche\/","title":{"rendered":"Semarnat autoriza el Ecoparque Tlalli &#8211; Malinche"},"content":{"rendered":"\n<p>La Secretar\u00eda de Medio Ambiente y Recursos Naturales (Semarnat) autoriz\u00f3 hasta por 48 a\u00f1os el proyecto \u201cEcoparque Tlalli &#8211; Malinche\u201d, promovido por la Secretar\u00eda de Infraestructura del Gobierno del Estado de Puebla.<\/p>\n\n\n\n<p>La Direcci\u00f3n General de Impacto y Riesgo Ambiental (DGIRA) resolvi\u00f3 que la autorizaci\u00f3n ser\u00e1 por excepci\u00f3n y permitir\u00e1 la remoci\u00f3n de vegetaci\u00f3n secundaria de Bosque de Oyamel-Encino y de Bosque Inducido de Pino en una superficie de 2.4 hect\u00e1reas a cambio de reforestar por 10 la zona<\/p>\n\n\n\n<p>El proyecto, que consiste en la construcci\u00f3n, operaci\u00f3n y mantenimiento del parque recreativo-ecol\u00f3gico, requer\u00eda el Cambio de Uso de Suelo en Terrenos Forestales (CUSTF), el cual ha sido concedido para construir el parque de esparcimiento en un tiempo de 2 a\u00f1os 3 meses<\/p>\n\n\n\n<p>El ecoparque se localizar\u00e1 al interior del \u00c1rea Natural Protegida Parque Nacional La Malinche o Matlalcu\u00e9yatl en el municipio de Puebla colindante con el estado de Tlaxcala, aproximadamente a 2.1 kil\u00f3metros de la Junta Auxiliar de San Miguel Canoa.<\/p>\n\n\n\n<p>Para lograr el objetivo del proyecto, el gobierno estatal combinara la conservaci\u00f3n ambiental con la educaci\u00f3n ecol\u00f3gica, el rescate de conocimientos tradicionales, y actividades recreativas y tur\u00edsticas bajo un uso p\u00fablico controlado dentro del \u00c1rea Natural Protegida<\/p>\n\n\n\n<p>El gobernador, Alejandro Armenta, ya habian dado a conocer la resoluci\u00f3n de la Semarnat para a cual, hay una inversi\u00f3n contemplada de mil 900 millones 730 mil pesos.<\/p>\n","protected":false},"excerpt":{"rendered":"<p>La Secretar\u00eda de Medio Ambiente y Recursos Naturales (Semarnat) autoriz\u00f3 hasta por 48 a\u00f1os el proyecto \u201cEcoparque Tlalli &#8211; Malinche\u201d, promovido por la Secretar\u00eda de Infraestructura del Gobierno del Estado de Puebla. La Direcci\u00f3n General de Impacto y Riesgo Ambiental (DGIRA) resolvi\u00f3 que la autorizaci\u00f3n ser\u00e1 por excepci\u00f3n y permitir\u00e1 la remoci\u00f3n de vegetaci\u00f3n secundaria [&hellip;]<\/p>\n","protected":false},"author":1,"featured_media":70146,"comment_status":"open","ping_status":"open","sticky":false,"template":"","format":"standard","meta":{"om_disable_all_campaigns":false,"_monsterinsights_skip_tracking":false,"_monsterinsights_sitenote_active":false,"_monsterinsights_sitenote_note":"","_monsterinsights_sitenote_category":0,"footnotes":""},"categories":[175],"tags":[195],"class_list":["post-70145","post","type-post","status-publish","format-standard","has-post-thumbnail","hentry","category-local","tag-principal"],"amp_enabled":true,"_links":{"self":[{"href":"https:\/\/lahora.mx\/index.php\/wp-json\/wp\/v2\/posts\/70145","targetHints":{"allow":["GET"]}}],"collection":[{"href":"https:\/\/lahora.mx\/index.php\/wp-json\/wp\/v2\/posts"}],"about":[{"href":"https:\/\/lahora.mx\/index.php\/wp-json\/wp\/v2\/types\/post"}],"author":[{"embeddable":true,"href":"https:\/\/lahora.mx\/index.php\/wp-json\/wp\/v2\/users\/1"}],"replies":[{"embeddable":true,"href":"https:\/\/lahora.mx\/index.php\/wp-json\/wp\/v2\/comments?post=70145"}],"version-history":[{"count":1,"href":"https:\/\/lahora.mx\/index.php\/wp-json\/wp\/v2\/posts\/70145\/revisions"}],"predecessor-version":[{"id":70147,"href":"https:\/\/lahora.mx\/index.php\/wp-json\/wp\/v2\/posts\/70145\/revisions\/70147"}],"wp:featuredmedia":[{"embeddable":true,"href":"https:\/\/lahora.mx\/index.php\/wp-json\/wp\/v2\/media\/70146"}],"wp:attachment":[{"href":"https:\/\/lahora.mx\/index.php\/wp-json\/wp\/v2\/media?parent=70145"}],"wp:term":[{"taxonomy":"category","embeddable":true,"href":"https:\/\/lahora.mx\/index.php\/wp-json\/wp\/v2\/categories?post=70145"},{"taxonomy":"post_tag","embeddable":true,"href":"https:\/\/lahora.mx\/index.php\/wp-json\/wp\/v2\/tags?post=70145"}],"curies":[{"name":"wp","href":"https:\/\/api.w.org\/{rel}","templated":true}]}}