{"id":70142,"date":"2025-10-25T02:28:20","date_gmt":"2025-10-25T02:28:20","guid":{"rendered":"https:\/\/lahora.mx\/?p=70142"},"modified":"2025-10-25T02:28:21","modified_gmt":"2025-10-25T02:28:21","slug":"gobierno-de-alfonso-sanchez-garcia-rescata-la-ocotera-y-devuelve-a-las-familias-un-espacio-verde-y-seguro","status":"publish","type":"post","link":"https:\/\/lahora.mx\/index.php\/2025\/10\/25\/gobierno-de-alfonso-sanchez-garcia-rescata-la-ocotera-y-devuelve-a-las-familias-un-espacio-verde-y-seguro\/","title":{"rendered":"GOBIERNO DE ALFONSO S\u00c1NCHEZ GARC\u00cdA RESCATA LA OCOTERA Y DEVUELVE A LAS FAMILIAS UN ESPACIO VERDE Y SEGURO"},"content":{"rendered":"\n<p>En una acci\u00f3n m\u00e1s para recuperar espacios naturales que favorezcan el bienestar de las familias capitalinas, el presidente municipal de Tlaxcala, Alfonso S\u00e1nchez Garc\u00eda, supervis\u00f3 los trabajos de rehabilitaci\u00f3n integral del \u00e1rea natural La Ocotera, en la comunidad de San Diego Metepec, un sitio que por a\u00f1os hab\u00eda permanecido en el abandono y hoy recobra vida.<\/p>\n\n\n\n<p>Durante 15 d\u00edas de intensa labor, una brigada de 15 elementos de la Direcci\u00f3n de Servicios P\u00fablicos Municipales, se dio a la tarea de podar el c\u00e9sped, retirar maleza, \u00e1rboles ca\u00eddos y m\u00e1s de media tonelada de basura, adem\u00e1s de rehabilitar los senderos y el m\u00f3dulo de ba\u00f1os.<\/p>\n\n\n\n<p>Las acciones permitieron devolver funcionalidad y seguridad al 100 por ciento a este pulm\u00f3n natural de la capital, donde antes era imposible transitar debido al deterioro y la acumulaci\u00f3n de desechos.<\/p>\n\n\n\n<p>Al recorrer el \u00e1rea, S\u00e1nchez Garc\u00eda destac\u00f3 que \u201crecuperar un espacio p\u00fablico es tambi\u00e9n recuperar la confianza de la gente\u201d, y subray\u00f3 que La Ocotera ahora vuelve a ser un punto de encuentro familiar, de convivencia y respeto por la naturaleza.<\/p>\n\n\n\n<p>Con esta intervenci\u00f3n, la primera rehabilitaci\u00f3n integral registrada en este lugar, el Gobierno Municipal de Tlaxcala avanza en su labor por recuperar espacios m\u00e1s limpios y seguros.<\/p>\n","protected":false},"excerpt":{"rendered":"<p>En una acci\u00f3n m\u00e1s para recuperar espacios naturales que favorezcan el bienestar de las familias capitalinas, el presidente municipal de Tlaxcala, Alfonso S\u00e1nchez Garc\u00eda, supervis\u00f3 los trabajos de rehabilitaci\u00f3n integral del \u00e1rea natural La Ocotera, en la comunidad de San Diego Metepec, un sitio que por a\u00f1os hab\u00eda permanecido en el abandono y hoy recobra [&hellip;]<\/p>\n","protected":false},"author":1,"featured_media":70143,"comment_status":"open","ping_status":"open","sticky":false,"template":"","format":"standard","meta":{"om_disable_all_campaigns":false,"_monsterinsights_skip_tracking":false,"_monsterinsights_sitenote_active":false,"_monsterinsights_sitenote_note":"","_monsterinsights_sitenote_category":0,"footnotes":""},"categories":[175],"tags":[],"class_list":["post-70142","post","type-post","status-publish","format-standard","has-post-thumbnail","hentry","category-local"],"amp_enabled":true,"_links":{"self":[{"href":"https:\/\/lahora.mx\/index.php\/wp-json\/wp\/v2\/posts\/70142","targetHints":{"allow":["GET"]}}],"collection":[{"href":"https:\/\/lahora.mx\/index.php\/wp-json\/wp\/v2\/posts"}],"about":[{"href":"https:\/\/lahora.mx\/index.php\/wp-json\/wp\/v2\/types\/post"}],"author":[{"embeddable":true,"href":"https:\/\/lahora.mx\/index.php\/wp-json\/wp\/v2\/users\/1"}],"replies":[{"embeddable":true,"href":"https:\/\/lahora.mx\/index.php\/wp-json\/wp\/v2\/comments?post=70142"}],"version-history":[{"count":1,"href":"https:\/\/lahora.mx\/index.php\/wp-json\/wp\/v2\/posts\/70142\/revisions"}],"predecessor-version":[{"id":70144,"href":"https:\/\/lahora.mx\/index.php\/wp-json\/wp\/v2\/posts\/70142\/revisions\/70144"}],"wp:featuredmedia":[{"embeddable":true,"href":"https:\/\/lahora.mx\/index.php\/wp-json\/wp\/v2\/media\/70143"}],"wp:attachment":[{"href":"https:\/\/lahora.mx\/index.php\/wp-json\/wp\/v2\/media?parent=70142"}],"wp:term":[{"taxonomy":"category","embeddable":true,"href":"https:\/\/lahora.mx\/index.php\/wp-json\/wp\/v2\/categories?post=70142"},{"taxonomy":"post_tag","embeddable":true,"href":"https:\/\/lahora.mx\/index.php\/wp-json\/wp\/v2\/tags?post=70142"}],"curies":[{"name":"wp","href":"https:\/\/api.w.org\/{rel}","templated":true}]}}