{"id":70139,"date":"2025-10-25T02:26:21","date_gmt":"2025-10-25T02:26:21","guid":{"rendered":"https:\/\/lahora.mx\/?p=70139"},"modified":"2025-10-25T02:26:22","modified_gmt":"2025-10-25T02:26:22","slug":"confirman-renuncia-de-anallely-delegada-del-bienestar-en-libres-tras-vinculos-con-nazario-n","status":"publish","type":"post","link":"https:\/\/lahora.mx\/index.php\/2025\/10\/25\/confirman-renuncia-de-anallely-delegada-del-bienestar-en-libres-tras-vinculos-con-nazario-n\/","title":{"rendered":"Confirman renuncia de Anallely, delegada del Bienestar en Libres tras v\u00ednculos con Nazario N."},"content":{"rendered":"\n<p>Tal como lo adelant\u00f3, la Secretar\u00eda de Bienestar del Gobierno del Estado confirm\u00f3 este viernes la renuncia voluntaria de Anallely L\u00f3pez Hern\u00e1ndez, quien se desempe\u00f1aba como delegada de la microrregi\u00f3n 8 en Libres, luego de que se dieran a conocer sus presuntos v\u00ednculos con Nazario \u201cN\u201d, \u201cempresario benefactor\u201d poblano detenido por delitos relacionados con narcomenudeo, extorsi\u00f3n y presunta colaboraci\u00f3n con el C\u00e1rtel Jalisco Nueva Generaci\u00f3n (CJNG).<\/p>\n\n\n\n<p>A trav\u00e9s de un comunicado oficial, la dependencia inform\u00f3 que la separaci\u00f3n del cargo fue una decisi\u00f3n personal, en estricto apego a los valores institucionales de transparencia, honestidad y servicio al pueblo.<\/p>\n\n\n\n<p>\u201cLa Secretar\u00eda de Bienestar informa que la C. Anallely L\u00f3pez Hern\u00e1ndez, quien se desempe\u00f1aba como delegada de la microrregi\u00f3n 8 con sede en Libres, present\u00f3 su renuncia voluntaria al cargo por decisi\u00f3n personal\u201d, se\u00f1ala el documento.<\/p>\n\n\n\n<p>Como se recordar\u00e1 a Diario CAMBIO adelant\u00f3 ayer que L\u00f3pez Hern\u00e1ndez acudi\u00f3 el mi\u00e9rcoles pasado a las oficinas centrales de la dependencia en la ciudad de Puebla, donde sostuvo una reuni\u00f3n junto con otros 26 delegados de microregiones con la titular, Laura Artemisa Garc\u00eda Ch\u00e1vez, y ah\u00ed formaliz\u00f3 su salida tras la pol\u00e9mica generada por su relaci\u00f3n con Nazario \u201cN\u201d.<\/p>\n\n\n\n<p>Relaci\u00f3n con Nazario \u201cN\u201d<br>El nombre de la funcionaria se volvi\u00f3 tendencia en redes sociales luego de que circularan fotograf\u00edas en las que aparece junto al empresario poblano Nazario \u201cN\u201d, se\u00f1alado como presunto operador financiero del CJNG en Jalisco y Puebla la. Diversas versiones apuntaron a que manten\u00eda una relaci\u00f3n cercana con \u00e9l, e incluso habr\u00eda recibido regalos y apoyos econ\u00f3micos por parte del detenido.<\/p>\n\n\n\n<p>L\u00f3pez Hern\u00e1ndez reconoci\u00f3 p\u00fablicamente conocer a Nazario \u201cN\u201d, aunque sostuvo que su relaci\u00f3n era estrictamente laboral.<\/p>\n\n\n\n<p>\u201cLas fotograf\u00edas con el se\u00f1or Nazario no reflejan relaciones personales ni v\u00ednculos m\u00e1s all\u00e1 de la gesti\u00f3n comunitaria en su localidad\u201d, declar\u00f3 antes de presentar su renuncia.<\/p>\n\n\n\n<p>Sospechas por su estilo de vida<br>La controversia tambi\u00e9n creci\u00f3 debido a que, en sus redes sociales, la ahora exdelegada de Bienestar presum\u00eda viajes, bolsos y accesorios de lujo, adem\u00e1s de autom\u00f3viles valuados en m\u00e1s de un mill\u00f3n de pesos, a pesar de que el salario oficial del cargo asciende a 19 mil 444 pesos mensuales.<\/p>\n\n\n\n<p>La Secretar\u00eda de Bienestar asegur\u00f3 que las acciones de atenci\u00f3n directa y los programas sociales en la regi\u00f3n de Libres continuar\u00e1n sin interrupciones, y reafirm\u00f3 su compromiso de trabajar con cercan\u00eda y transparencia bajo la instrucci\u00f3n del gobernador Alejandro Armenta Mier, en el marco de la visi\u00f3n de su gobierno de \u201cPensar en Grande\u201d.<\/p>\n\n\n\n<p>\u201cNuestro compromiso es seguir presente en el territorio, con cercan\u00eda, escucha y atenci\u00f3n activa como lo instruy\u00f3 el gobernador Alejandro Armenta\u201d, se\u00f1al\u00f3 la dependencia.<\/p>\n","protected":false},"excerpt":{"rendered":"<p>Tal como lo adelant\u00f3, la Secretar\u00eda de Bienestar del Gobierno del Estado confirm\u00f3 este viernes la renuncia voluntaria de Anallely L\u00f3pez Hern\u00e1ndez, quien se desempe\u00f1aba como delegada de la microrregi\u00f3n 8 en Libres, luego de que se dieran a conocer sus presuntos v\u00ednculos con Nazario \u201cN\u201d, \u201cempresario benefactor\u201d poblano detenido por delitos relacionados con narcomenudeo, [&hellip;]<\/p>\n","protected":false},"author":1,"featured_media":70140,"comment_status":"open","ping_status":"open","sticky":false,"template":"","format":"standard","meta":{"om_disable_all_campaigns":false,"_monsterinsights_skip_tracking":false,"_monsterinsights_sitenote_active":false,"_monsterinsights_sitenote_note":"","_monsterinsights_sitenote_category":0,"footnotes":""},"categories":[175],"tags":[223],"class_list":["post-70139","post","type-post","status-publish","format-standard","has-post-thumbnail","hentry","category-local","tag-puebla"],"amp_enabled":true,"_links":{"self":[{"href":"https:\/\/lahora.mx\/index.php\/wp-json\/wp\/v2\/posts\/70139","targetHints":{"allow":["GET"]}}],"collection":[{"href":"https:\/\/lahora.mx\/index.php\/wp-json\/wp\/v2\/posts"}],"about":[{"href":"https:\/\/lahora.mx\/index.php\/wp-json\/wp\/v2\/types\/post"}],"author":[{"embeddable":true,"href":"https:\/\/lahora.mx\/index.php\/wp-json\/wp\/v2\/users\/1"}],"replies":[{"embeddable":true,"href":"https:\/\/lahora.mx\/index.php\/wp-json\/wp\/v2\/comments?post=70139"}],"version-history":[{"count":1,"href":"https:\/\/lahora.mx\/index.php\/wp-json\/wp\/v2\/posts\/70139\/revisions"}],"predecessor-version":[{"id":70141,"href":"https:\/\/lahora.mx\/index.php\/wp-json\/wp\/v2\/posts\/70139\/revisions\/70141"}],"wp:featuredmedia":[{"embeddable":true,"href":"https:\/\/lahora.mx\/index.php\/wp-json\/wp\/v2\/media\/70140"}],"wp:attachment":[{"href":"https:\/\/lahora.mx\/index.php\/wp-json\/wp\/v2\/media?parent=70139"}],"wp:term":[{"taxonomy":"category","embeddable":true,"href":"https:\/\/lahora.mx\/index.php\/wp-json\/wp\/v2\/categories?post=70139"},{"taxonomy":"post_tag","embeddable":true,"href":"https:\/\/lahora.mx\/index.php\/wp-json\/wp\/v2\/tags?post=70139"}],"curies":[{"name":"wp","href":"https:\/\/api.w.org\/{rel}","templated":true}]}}