{"id":70111,"date":"2025-10-24T22:13:03","date_gmt":"2025-10-24T22:13:03","guid":{"rendered":"https:\/\/lahora.mx\/?p=70111"},"modified":"2025-10-24T22:13:03","modified_gmt":"2025-10-24T22:13:03","slug":"comunidades-afectadas-por-jerry-ya-estan-comunicadas-reporta-armenta-en-la-mananera-de-sheinbaum","status":"publish","type":"post","link":"https:\/\/lahora.mx\/index.php\/2025\/10\/24\/comunidades-afectadas-por-jerry-ya-estan-comunicadas-reporta-armenta-en-la-mananera-de-sheinbaum\/","title":{"rendered":"Comunidades afectadas por \u201cJerry\u201d ya est\u00e1n comunicadas, reporta Armenta en la ma\u00f1anera de Sheinbaum\u00a0"},"content":{"rendered":"\n<p>El gobernador del estado, Alejandro Armenta Mier, confirm\u00f3 que, todas las comunidades que resultaron afectadas por la tormenta tropical \u201cJerry\u201d, ya est\u00e1n comunicadas, e indic\u00f3 que \u00fanicamente faltan por atender las localidades de Honey, una zona vulnerable por el desbordamiento del r\u00edo Pantepec.<\/p>\n\n\n\n<p>A trav\u00e9s de un enlace v\u00eda zoom en la conferencia matutina de Sheinbaum Pardo, el mandatario anunci\u00f3 que solo restan dos localidades incomunicadas en el municipio de Honey, debido a una precipitaci\u00f3n registrada hace cuatro d\u00edas, y aclar\u00f3 que, dichas afectaciones, no derivan directamente del paso de Jerry.<\/p>\n\n\n\n<p>Por lo anterior, inform\u00f3 que el s\u00e1bado 25 de octubre visitar\u00e1 las localidades de la comunidad de Honey, una de las zonas que result\u00f3 afectada por las recientes precipitaciones pluviales, adem\u00e1s de supervisar las acciones de reconstrucci\u00f3n y verificar la aplicaci\u00f3n de apoyos.<\/p>\n\n\n\n<p>\u201cEstaremos supervisando y visitando esa comunidad el d\u00eda s\u00e1bado. Las dos localidades que a\u00fan faltan es de una precipitaci\u00f3n que hubo hace cuatro d\u00edas en Honey, por lo tanto, podr\u00edamos decir que las comunidades aisladas que fueron afectadas, todas ya est\u00e1n restablecidas\u201d, dijo.<\/p>\n\n\n\n<p>Asimismo, confirm\u00f3 que el n\u00famero de personas fallecidas asciende a 22 y que dos personas contin\u00faan desaparecidas: el menor Liam Tadeo Gonz\u00e1lez Lechuga, de seis a\u00f1os, y Pedro Segura Mu\u00f1oz, de 75.<\/p>\n\n\n\n<p>En su participaci\u00f3n, el titular del ejecutivo subray\u00f3 que, 143 m\u00e1quinas y unidades de distintas dependencias federales y estatales participaron en la rehabilitaci\u00f3n de caminos y en la apertura de puentes a\u00e9reos para llevar ayuda humanitaria.<\/p>\n\n\n\n<p>Durante un enlace con la conferencia matutina presidencial, Armenta Mier reconoci\u00f3 la visita que Sheinbaum realiz\u00f3 un d\u00eda antes a \u201cLa Ceiba\u201d, en Xicotepec, donde entreg\u00f3 recursos a las familias censadas por los da\u00f1os.<\/p>\n\n\n\n<p>\u201cGracias por todo el apoyo, el avance ha sido significativo. Agradecerle ayer su visita en La Ceiba, ya para entregar recursos a las familias\u201d, expres\u00f3.<\/p>\n\n\n\n<p>Asimismo, resalt\u00f3 otra de sus visitas en la zona de Nuevo Monterrey y Huauchinango para tener un acercamiento con las familias que perdieron la vida.<\/p>\n\n\n\n<p>\u201cUsted visit\u00f3 esa zona, Nuevo Monterrey, en Huauchinango. A las familias que perdieron la vida, se les ha atendido como usted ha indicado\u201d, agreg\u00f3 Armenta Mier.<\/p>\n\n\n\n<p>Posteriormente, el gobernador de Puebla expres\u00f3 que se han realizado los trabajos necesarios con ayuda de las m\u00e1quinas de diferentes instituciones, lo que ha permitido comunicar todas las localidades afectadas.<\/p>\n\n\n\n<p>El gobernador de Puebla, Alejandro Armenta Mier, agradeci\u00f3 el respaldo de la presidenta Claudia Sheinbaum Pardo por la atenci\u00f3n brindada a las familias afectadas por el paso \u201cJerry\u201d en la Sierra Norte y destac\u00f3 que el avance en la recuperaci\u00f3n ha sido significativo.<\/p>\n\n\n\n<p>Por \u00faltimo, la presidenta Claudia Sheinbaum Pardo confirm\u00f3 que, en Puebla, concluy\u00f3 el censo de viviendas afectadas por las lluvias torrenciales ocasionadas por el hurac\u00e1n Jerry. Con base en esos resultados, explic\u00f3, se definir\u00e1 el tipo de apoyo que recibir\u00e1n las familias para la construcci\u00f3n o reconstrucci\u00f3n de sus hogares.<\/p>\n","protected":false},"excerpt":{"rendered":"<p>El gobernador del estado, Alejandro Armenta Mier, confirm\u00f3 que, todas las comunidades que resultaron afectadas por la tormenta tropical \u201cJerry\u201d, ya est\u00e1n comunicadas, e indic\u00f3 que \u00fanicamente faltan por atender las localidades de Honey, una zona vulnerable por el desbordamiento del r\u00edo Pantepec. A trav\u00e9s de un enlace v\u00eda zoom en la conferencia matutina de [&hellip;]<\/p>\n","protected":false},"author":1,"featured_media":70112,"comment_status":"open","ping_status":"open","sticky":false,"template":"","format":"standard","meta":{"om_disable_all_campaigns":false,"_monsterinsights_skip_tracking":false,"_monsterinsights_sitenote_active":false,"_monsterinsights_sitenote_note":"","_monsterinsights_sitenote_category":0,"footnotes":""},"categories":[176],"tags":[],"class_list":["post-70111","post","type-post","status-publish","format-standard","has-post-thumbnail","hentry","category-nacional"],"amp_enabled":true,"_links":{"self":[{"href":"https:\/\/lahora.mx\/index.php\/wp-json\/wp\/v2\/posts\/70111","targetHints":{"allow":["GET"]}}],"collection":[{"href":"https:\/\/lahora.mx\/index.php\/wp-json\/wp\/v2\/posts"}],"about":[{"href":"https:\/\/lahora.mx\/index.php\/wp-json\/wp\/v2\/types\/post"}],"author":[{"embeddable":true,"href":"https:\/\/lahora.mx\/index.php\/wp-json\/wp\/v2\/users\/1"}],"replies":[{"embeddable":true,"href":"https:\/\/lahora.mx\/index.php\/wp-json\/wp\/v2\/comments?post=70111"}],"version-history":[{"count":1,"href":"https:\/\/lahora.mx\/index.php\/wp-json\/wp\/v2\/posts\/70111\/revisions"}],"predecessor-version":[{"id":70113,"href":"https:\/\/lahora.mx\/index.php\/wp-json\/wp\/v2\/posts\/70111\/revisions\/70113"}],"wp:featuredmedia":[{"embeddable":true,"href":"https:\/\/lahora.mx\/index.php\/wp-json\/wp\/v2\/media\/70112"}],"wp:attachment":[{"href":"https:\/\/lahora.mx\/index.php\/wp-json\/wp\/v2\/media?parent=70111"}],"wp:term":[{"taxonomy":"category","embeddable":true,"href":"https:\/\/lahora.mx\/index.php\/wp-json\/wp\/v2\/categories?post=70111"},{"taxonomy":"post_tag","embeddable":true,"href":"https:\/\/lahora.mx\/index.php\/wp-json\/wp\/v2\/tags?post=70111"}],"curies":[{"name":"wp","href":"https:\/\/api.w.org\/{rel}","templated":true}]}}