{"id":7011,"date":"2022-05-16T22:11:24","date_gmt":"2022-05-16T22:11:24","guid":{"rendered":"http:\/\/lahora.mx\/?p=7011"},"modified":"2022-05-16T22:11:25","modified_gmt":"2022-05-16T22:11:25","slug":"salgan-del-closet-asuman-su-posicion-dentro-del-yunque-responde-barbosa-a-rodriguez-regordosa","status":"publish","type":"post","link":"https:\/\/lahora.mx\/index.php\/2022\/05\/16\/salgan-del-closet-asuman-su-posicion-dentro-del-yunque-responde-barbosa-a-rodriguez-regordosa\/","title":{"rendered":"Salgan del cl\u00f3set, asuman su posici\u00f3n dentro del Yunque, responde Barbosa a Rodr\u00edguez Regordosa"},"content":{"rendered":"\n<p>Ante los comentarios en defensa de la&nbsp;<strong>empresa Parkimovil que el ex diputado local del PAN, Pablo Rodr\u00edguez Regordosa,&nbsp;<\/strong>verti\u00f3 en d\u00edas pasados, el<strong>&nbsp;gobernador Miguel Barbosa Huerta opin\u00f3 que ello s\u00f3lo demuestra que las decisiones del Ayuntamiento de Puebla sobre el control de los parqu\u00edmetros<\/strong>, beneficiaron a miembros del Yunque.<\/p>\n\n\n\n<p><strong><em>\u201cLo que queda muy evidente, es que hay decisiones gubernamentales en beneficio de personas que se dicen, son del Yunque. Por eso les ped\u00ed que, para no cometer errores, salgan del cl\u00f3set [y] asuman con dignidad su posici\u00f3n dentro del Yunque\u201d,<\/em><\/strong>\u00a0respondi\u00f3 el gobernador a las declaraciones que Rodr\u00edguez Regordosa hizo un d\u00eda anterior, donde se\u00f1al\u00f3 que Parkimovil \u2013una empresa ligada a su familia directa\u2013 fue elegida en raz\u00f3n de sus capacidades t\u00e9cnicas y no pol\u00edticas.<br><\/p>\n\n\n\n<p>En ese tenor, Barbosa Huerta se dirigi\u00f3 al militante de Acci\u00f3n Nacional y le pidi\u00f3 que \u201chubiera llegado (&#8230;) con una pancarta que diga \u2018Yo soy Yunque y no soy miope\u2019. Porque as\u00ed, con claridad veo a donde est\u00e1n las licitaciones y ah\u00ed las busco\u201d.<\/p>\n\n\n\n<p>Lo anterior, en alusi\u00f3n a lo declarado por Rodr\u00edguez Regordosa, respecto a la decisi\u00f3n que el gobierno municipal de Puebla, encabezado por Eduardo Rivera P\u00e9rez, dio a medios de comunicaci\u00f3n:&nbsp;<strong>\u201cEl ayuntamiento tuvo razones t\u00e9cnicas para elegir a una empresa y no otra, el pensar que tiene un matiz pol\u00edtico me parece miope\u201d.<\/strong><\/p>\n\n\n\n<p>Tambi\u00e9n, el titular del Ejecutivo arremeti\u00f3 contra el ex diputado y le dijo que pronto se comprobar\u00e1 su participaci\u00f3n y la de otros miembros de El Yunque, en una serie de contratos financieros celebrados entre la empresa Audi y el gobierno estatal:&nbsp;<strong>\u201cPronto daremos a conocer el modelo financiero de c\u00f3mo se constituy\u00f3 (&#8230;) A Pablo Rodr\u00edguez le digo que tenga cuidado\u201d.<\/strong><\/p>\n\n\n\n<h2 class=\"wp-block-heading\"><strong>INYECTAR\u00c1N CAPITAL PRIVADO AL AEROPUERTO DE HUEJOTZINGO<\/strong><\/h2>\n\n\n\n<p>El<strong>&nbsp;Aeropuerto Internacional de Puebla ser\u00e1 inyectado con inversi\u00f3n privada, para potencializar su uso&nbsp;<\/strong>como puerto de embarque para mercanc\u00edas a gran escala, adelant\u00f3 el gobernador Miguel Barbosa Huerta, quien tambi\u00e9n<strong>&nbsp;lament\u00f3 que las posibilidades de que la entidad controle la mayor parte de operaciones de ese lugar, sean escasas.<\/strong><\/p>\n\n\n\n<p>El titular del Ejecutivo hizo menci\u00f3n de la inversi\u00f3n que requiere el Aeropuerto Internacional Hermanos Serd\u00e1n. Dijo que para hacer funcionar el plan de convertirlo en un sitio insignia para la importaci\u00f3n y exportaci\u00f3n de mercanc\u00edas, se requiere de capital privado, sin embargo, asegur\u00f3 que ya cuenta con los inversionistas.<\/p>\n\n\n\n<p><strong>\u201cQuiero [que sea] un destino de carga y descarga, [pero] para eso necesitamos provocar inversiones que nos permita [construir] una zona para carga y descarga. Ya tenemos a los inversionistas, ese es el proyecto y es una inversi\u00f3n grande [la] que estamos promoviendo\u201d,<\/strong>&nbsp;remarc\u00f3.<\/p>\n\n\n\n<p>Tambi\u00e9n mencion\u00f3 que, pese a que el proyecto tiene la aprobaci\u00f3n del presidente de la Rep\u00fablica, Andr\u00e9s Manuel L\u00f3pez Obrador, existe la posibilidad de que el gobierno federal no ceda la mayor\u00eda del porcentaje que posee sobre el control del lugar, al Gobierno de Puebla.<\/p>\n\n\n\n<p><strong>\u201cYo digo con franqueza, el tema de entregar al estado el 51 por ciento del control aeroportuario no se va a dar, [pero] hay que ser vers\u00e1tiles en los planteamientos\u201d,&nbsp;<\/strong>refiri\u00f3.<\/p>\n","protected":false},"excerpt":{"rendered":"<p>Ante los comentarios en defensa de la&nbsp;empresa Parkimovil que el ex diputado local del PAN, Pablo Rodr\u00edguez Regordosa,&nbsp;verti\u00f3 en d\u00edas pasados, el&nbsp;gobernador Miguel Barbosa Huerta opin\u00f3 que ello s\u00f3lo demuestra que las decisiones del Ayuntamiento de Puebla sobre el control de los parqu\u00edmetros, beneficiaron a miembros del Yunque. \u201cLo que queda muy evidente, es que [&hellip;]<\/p>\n","protected":false},"author":4,"featured_media":7012,"comment_status":"open","ping_status":"open","sticky":false,"template":"","format":"standard","meta":{"om_disable_all_campaigns":false,"_monsterinsights_skip_tracking":false,"_monsterinsights_sitenote_active":false,"_monsterinsights_sitenote_note":"","_monsterinsights_sitenote_category":0,"footnotes":""},"categories":[175],"tags":[223],"class_list":["post-7011","post","type-post","status-publish","format-standard","has-post-thumbnail","hentry","category-local","tag-puebla"],"amp_enabled":true,"_links":{"self":[{"href":"https:\/\/lahora.mx\/index.php\/wp-json\/wp\/v2\/posts\/7011","targetHints":{"allow":["GET"]}}],"collection":[{"href":"https:\/\/lahora.mx\/index.php\/wp-json\/wp\/v2\/posts"}],"about":[{"href":"https:\/\/lahora.mx\/index.php\/wp-json\/wp\/v2\/types\/post"}],"author":[{"embeddable":true,"href":"https:\/\/lahora.mx\/index.php\/wp-json\/wp\/v2\/users\/4"}],"replies":[{"embeddable":true,"href":"https:\/\/lahora.mx\/index.php\/wp-json\/wp\/v2\/comments?post=7011"}],"version-history":[{"count":1,"href":"https:\/\/lahora.mx\/index.php\/wp-json\/wp\/v2\/posts\/7011\/revisions"}],"predecessor-version":[{"id":7013,"href":"https:\/\/lahora.mx\/index.php\/wp-json\/wp\/v2\/posts\/7011\/revisions\/7013"}],"wp:featuredmedia":[{"embeddable":true,"href":"https:\/\/lahora.mx\/index.php\/wp-json\/wp\/v2\/media\/7012"}],"wp:attachment":[{"href":"https:\/\/lahora.mx\/index.php\/wp-json\/wp\/v2\/media?parent=7011"}],"wp:term":[{"taxonomy":"category","embeddable":true,"href":"https:\/\/lahora.mx\/index.php\/wp-json\/wp\/v2\/categories?post=7011"},{"taxonomy":"post_tag","embeddable":true,"href":"https:\/\/lahora.mx\/index.php\/wp-json\/wp\/v2\/tags?post=7011"}],"curies":[{"name":"wp","href":"https:\/\/api.w.org\/{rel}","templated":true}]}}