{"id":70108,"date":"2025-10-24T22:04:13","date_gmt":"2025-10-24T22:04:13","guid":{"rendered":"https:\/\/lahora.mx\/?p=70108"},"modified":"2025-10-24T22:04:14","modified_gmt":"2025-10-24T22:04:14","slug":"capturan-a-sargento-de-la-gn-por-desobediencia-feminicidio-de-stephany-sigue-sin-orden-de-aprehension","status":"publish","type":"post","link":"https:\/\/lahora.mx\/index.php\/2025\/10\/24\/capturan-a-sargento-de-la-gn-por-desobediencia-feminicidio-de-stephany-sigue-sin-orden-de-aprehension\/","title":{"rendered":"Capturan a sargento de la GN por desobediencia; feminicidio de Stephany sigue sin orden de aprehensi\u00f3n"},"content":{"rendered":"\n<p>Familiares de Stephany Carmona Rojas, elemento de la Guardia Nacional originaria de Ajalpan, presuntamente v\u00edctima de feminicidio en Acapulco, confirmaron ayer jueves 23 de octubre la detenci\u00f3n de Yahir \u2018N\u2019, sargento segundo y supuesto responsable del crimen.<\/p>\n\n\n\n<p>Sin embargo, revelaron que la aprehensi\u00f3n del sargento Yahir \u2018N\u2019 se realiz\u00f3 \u00fanicamente por delitos de \u00edndole militar: deserci\u00f3n y desobediencia, lo que pone en riesgo la acci\u00f3n de la justicia para Stephany Carmona Rojas.<\/p>\n\n\n\n<p>De acuerdo con la representaci\u00f3n legal de la familia, estos cargos no ameritan la prisi\u00f3n preventiva oficiosa, lo que podr\u00eda facilitar su liberaci\u00f3n.<\/p>\n\n\n\n<p>Adem\u00e1s, la familia de Stephany Carmona y sus abogados han manifestado preocupaci\u00f3n, ya que, aunque la Fiscal\u00eda General de la Rep\u00fablica (FGR) ya inici\u00f3 la carpeta de investigaci\u00f3n por el delito de feminicidio, la orden de aprehensi\u00f3n correspondiente por este crimen no la han liberado.<\/p>\n\n\n\n<p>No hay orden de feminicidio para Yahir N.<br>El presunto responsable, sargento segundo de la corporaci\u00f3n, qued\u00f3 puesto a disposici\u00f3n del Ministerio P\u00fablico Federal. No obstante, la demora en la liberaci\u00f3n de la orden por feminicidio pone en serio riesgo la continuidad del proceso penal y abre la posibilidad de que el militar sea puesto en libertad al no existir cargos graves que lo mantengan recluido.<\/p>\n\n\n\n<p>Los allegados a la v\u00edctima tambi\u00e9n denunciaron que la detenci\u00f3n de Yahir \u2018N\u2019 la ocultaron intencionalmente, pues el sargento lo capturaron el pasado jueves 18 de octubre, en la comunidad de Llano Grande, Acapulco, Guerrero, pero notificaron a la familia de su aseguramiento d\u00edas despu\u00e9s, lo que incrementa la desconfianza hacia el manejo de la informaci\u00f3n por parte de las autoridades competentes.<\/p>\n\n\n\n<p>Ante esta situaci\u00f3n, la familia y su equipo legal solicitan a la sociedad civil y a los medios de comunicaci\u00f3n la difusi\u00f3n del caso con el objetivo de asegurar que el crimen en contra de Stephany Carmona no quede en la impunidad y que la justicia federal act\u00fae con celeridad para liberar la orden de aprehensi\u00f3n por feminicidio.<\/p>\n","protected":false},"excerpt":{"rendered":"<p>Familiares de Stephany Carmona Rojas, elemento de la Guardia Nacional originaria de Ajalpan, presuntamente v\u00edctima de feminicidio en Acapulco, confirmaron ayer jueves 23 de octubre la detenci\u00f3n de Yahir \u2018N\u2019, sargento segundo y supuesto responsable del crimen. Sin embargo, revelaron que la aprehensi\u00f3n del sargento Yahir \u2018N\u2019 se realiz\u00f3 \u00fanicamente por delitos de \u00edndole militar: [&hellip;]<\/p>\n","protected":false},"author":1,"featured_media":70109,"comment_status":"open","ping_status":"open","sticky":false,"template":"","format":"standard","meta":{"om_disable_all_campaigns":false,"_monsterinsights_skip_tracking":false,"_monsterinsights_sitenote_active":false,"_monsterinsights_sitenote_note":"","_monsterinsights_sitenote_category":0,"footnotes":""},"categories":[176,226],"tags":[],"class_list":["post-70108","post","type-post","status-publish","format-standard","has-post-thumbnail","hentry","category-nacional","category-policia"],"amp_enabled":true,"_links":{"self":[{"href":"https:\/\/lahora.mx\/index.php\/wp-json\/wp\/v2\/posts\/70108","targetHints":{"allow":["GET"]}}],"collection":[{"href":"https:\/\/lahora.mx\/index.php\/wp-json\/wp\/v2\/posts"}],"about":[{"href":"https:\/\/lahora.mx\/index.php\/wp-json\/wp\/v2\/types\/post"}],"author":[{"embeddable":true,"href":"https:\/\/lahora.mx\/index.php\/wp-json\/wp\/v2\/users\/1"}],"replies":[{"embeddable":true,"href":"https:\/\/lahora.mx\/index.php\/wp-json\/wp\/v2\/comments?post=70108"}],"version-history":[{"count":1,"href":"https:\/\/lahora.mx\/index.php\/wp-json\/wp\/v2\/posts\/70108\/revisions"}],"predecessor-version":[{"id":70110,"href":"https:\/\/lahora.mx\/index.php\/wp-json\/wp\/v2\/posts\/70108\/revisions\/70110"}],"wp:featuredmedia":[{"embeddable":true,"href":"https:\/\/lahora.mx\/index.php\/wp-json\/wp\/v2\/media\/70109"}],"wp:attachment":[{"href":"https:\/\/lahora.mx\/index.php\/wp-json\/wp\/v2\/media?parent=70108"}],"wp:term":[{"taxonomy":"category","embeddable":true,"href":"https:\/\/lahora.mx\/index.php\/wp-json\/wp\/v2\/categories?post=70108"},{"taxonomy":"post_tag","embeddable":true,"href":"https:\/\/lahora.mx\/index.php\/wp-json\/wp\/v2\/tags?post=70108"}],"curies":[{"name":"wp","href":"https:\/\/api.w.org\/{rel}","templated":true}]}}