{"id":70105,"date":"2025-10-24T17:06:11","date_gmt":"2025-10-24T17:06:11","guid":{"rendered":"https:\/\/lahora.mx\/?p=70105"},"modified":"2025-10-24T17:06:12","modified_gmt":"2025-10-24T17:06:12","slug":"por-lluvias-se-registran-afectaciones-en-97-escuelas-adheridas-al-snte","status":"publish","type":"post","link":"https:\/\/lahora.mx\/index.php\/2025\/10\/24\/por-lluvias-se-registran-afectaciones-en-97-escuelas-adheridas-al-snte\/","title":{"rendered":"Por lluvias, se registran afectaciones en 97 escuelas adheridas al SNTE"},"content":{"rendered":"\n<p>La Secci\u00f3n 23 del Sindicato Nacional de Trabajadores de la Educaci\u00f3n (SNTE) inform\u00f3 que 97 escuelas que pertenecen a su organizaci\u00f3n, resultaron con afectaciones por lluvias y deslaves de la Sierra Norte del estado de Puebla.<\/p>\n\n\n\n<p>En rueda de prensa de este viernes, los representantes sindicales se\u00f1alaron que en muchos casos fueron da\u00f1os estructurales, en al menos 22 municipios de la entidad poblana.<br><br>En el caso de 17 centros educativos, son pertenecientes al nivel de telesecundaria, mientras que del total, 30 fueron con da\u00f1os parciales, 19 con afectaciones m\u00ednimas y 19 que se perdieron completamente.<\/p>\n\n\n\n<p>Asimismo, de las 97, 27 sufrieron desperfectos en menor medida; 46 con da\u00f1os parciales; cinco totalmente da\u00f1adas y 19 no tuvieron ning\u00fan tipo de afectaci\u00f3n.<\/p>\n\n\n\n<p>Indicaron que estas cifras, forman parte de un reporte que fue brindado por parte de sus compa\u00f1eros docentes, que se encuentra distribuidos en la entidad poblana.<\/p>\n\n\n\n<p>Esperan que conforme pasen los d\u00edas, este n\u00famero no tenga un incremento por el bien de la comunidad estudiantil y del personal docente que est\u00e1 adherido al SNTE en el estado de Puebla.<\/p>\n","protected":false},"excerpt":{"rendered":"<p>La Secci\u00f3n 23 del Sindicato Nacional de Trabajadores de la Educaci\u00f3n (SNTE) inform\u00f3 que 97 escuelas que pertenecen a su organizaci\u00f3n, resultaron con afectaciones por lluvias y deslaves de la Sierra Norte del estado de Puebla. En rueda de prensa de este viernes, los representantes sindicales se\u00f1alaron que en muchos casos fueron da\u00f1os estructurales, en [&hellip;]<\/p>\n","protected":false},"author":1,"featured_media":70106,"comment_status":"open","ping_status":"open","sticky":false,"template":"","format":"standard","meta":{"om_disable_all_campaigns":false,"_monsterinsights_skip_tracking":false,"_monsterinsights_sitenote_active":false,"_monsterinsights_sitenote_note":"","_monsterinsights_sitenote_category":0,"footnotes":""},"categories":[175],"tags":[239,195,223],"class_list":["post-70105","post","type-post","status-publish","format-standard","has-post-thumbnail","hentry","category-local","tag-gobierno","tag-principal","tag-puebla"],"amp_enabled":true,"_links":{"self":[{"href":"https:\/\/lahora.mx\/index.php\/wp-json\/wp\/v2\/posts\/70105","targetHints":{"allow":["GET"]}}],"collection":[{"href":"https:\/\/lahora.mx\/index.php\/wp-json\/wp\/v2\/posts"}],"about":[{"href":"https:\/\/lahora.mx\/index.php\/wp-json\/wp\/v2\/types\/post"}],"author":[{"embeddable":true,"href":"https:\/\/lahora.mx\/index.php\/wp-json\/wp\/v2\/users\/1"}],"replies":[{"embeddable":true,"href":"https:\/\/lahora.mx\/index.php\/wp-json\/wp\/v2\/comments?post=70105"}],"version-history":[{"count":1,"href":"https:\/\/lahora.mx\/index.php\/wp-json\/wp\/v2\/posts\/70105\/revisions"}],"predecessor-version":[{"id":70107,"href":"https:\/\/lahora.mx\/index.php\/wp-json\/wp\/v2\/posts\/70105\/revisions\/70107"}],"wp:featuredmedia":[{"embeddable":true,"href":"https:\/\/lahora.mx\/index.php\/wp-json\/wp\/v2\/media\/70106"}],"wp:attachment":[{"href":"https:\/\/lahora.mx\/index.php\/wp-json\/wp\/v2\/media?parent=70105"}],"wp:term":[{"taxonomy":"category","embeddable":true,"href":"https:\/\/lahora.mx\/index.php\/wp-json\/wp\/v2\/categories?post=70105"},{"taxonomy":"post_tag","embeddable":true,"href":"https:\/\/lahora.mx\/index.php\/wp-json\/wp\/v2\/tags?post=70105"}],"curies":[{"name":"wp","href":"https:\/\/api.w.org\/{rel}","templated":true}]}}