{"id":70096,"date":"2025-10-24T15:49:05","date_gmt":"2025-10-24T15:49:05","guid":{"rendered":"https:\/\/lahora.mx\/?p=70096"},"modified":"2025-10-24T15:49:06","modified_gmt":"2025-10-24T15:49:06","slug":"roban-a-recien-nacida-en-el-hospital-materno-de-durango","status":"publish","type":"post","link":"https:\/\/lahora.mx\/index.php\/2025\/10\/24\/roban-a-recien-nacida-en-el-hospital-materno-de-durango\/","title":{"rendered":"Roban a reci\u00e9n nacida en el Hospital Materno de Durango"},"content":{"rendered":"\n<p>Una reci\u00e9n nacida fue robada del Hospital Materno Infantil de Durango, por lo que la Fiscal\u00eda emiti\u00f3 una Alerta \u00c1mber.<\/p>\n\n\n\n<p>Fue la tarde de jueves cuando ocurri\u00f3 el hecho, cuando una mujer se llev\u00f3 a la beb\u00e9 identificada como Judith Alejandra Rivas Ruiz, naci\u00f3 apenas el 20 de septiembre, mide 55 cent\u00edmetros, y como caracter\u00edsticas se menciona en la alerta: abundante cabello color negro, cejas semipobladas, ojos caf\u00e9s rasgados y tez morena clara.<\/p>\n\n\n\n<p>Estas son las Efem\u00e9rides del viernes 24 de octubreAlejandro Armenta invita a Calos Alazraki a ir a zonas afectadas por las lluvias, tras cuestionar la veracidad de los hechos<br>La fiscal\u00eda tambi\u00e9n emiti\u00f3 una ficha de b\u00fasqueda con las caracter\u00edsticas de la persona que presuntamente se rob\u00f3 a la beb\u00e9. La describe como una mujer de entre 35 a 45 a\u00f1os, 1.58 cent\u00edmetros de estatura aproximadamente, tez morena clara, cara ovalada, ceja delineada, boca grande y labios gruesos.<\/p>\n\n\n\n<p>Como se\u00f1as particulares: acn\u00e9 en las mejillas, dientes frontales manchados, torcidos.<\/p>\n\n\n\n<p>En un video que circula en redes sociales, se observa a la mujer, vestida con filipina (uniforme m\u00e9dico), salir del hospital con la beb\u00e9 en brazos.<\/p>\n\n\n\n<p>En caso de tener informaci\u00f3n se encuentra disponibles el n\u00famero de emergencias 911 o el correo electr\u00f3nico a la direcci\u00f3n: nolocalizados.fged@durango.gob.mx.<\/p>\n","protected":false},"excerpt":{"rendered":"<p>Una reci\u00e9n nacida fue robada del Hospital Materno Infantil de Durango, por lo que la Fiscal\u00eda emiti\u00f3 una Alerta \u00c1mber. Fue la tarde de jueves cuando ocurri\u00f3 el hecho, cuando una mujer se llev\u00f3 a la beb\u00e9 identificada como Judith Alejandra Rivas Ruiz, naci\u00f3 apenas el 20 de septiembre, mide 55 cent\u00edmetros, y como caracter\u00edsticas [&hellip;]<\/p>\n","protected":false},"author":1,"featured_media":70097,"comment_status":"open","ping_status":"open","sticky":false,"template":"","format":"standard","meta":{"om_disable_all_campaigns":false,"_monsterinsights_skip_tracking":false,"_monsterinsights_sitenote_active":false,"_monsterinsights_sitenote_note":"","_monsterinsights_sitenote_category":0,"footnotes":""},"categories":[176,226],"tags":[],"class_list":["post-70096","post","type-post","status-publish","format-standard","has-post-thumbnail","hentry","category-nacional","category-policia"],"amp_enabled":true,"_links":{"self":[{"href":"https:\/\/lahora.mx\/index.php\/wp-json\/wp\/v2\/posts\/70096","targetHints":{"allow":["GET"]}}],"collection":[{"href":"https:\/\/lahora.mx\/index.php\/wp-json\/wp\/v2\/posts"}],"about":[{"href":"https:\/\/lahora.mx\/index.php\/wp-json\/wp\/v2\/types\/post"}],"author":[{"embeddable":true,"href":"https:\/\/lahora.mx\/index.php\/wp-json\/wp\/v2\/users\/1"}],"replies":[{"embeddable":true,"href":"https:\/\/lahora.mx\/index.php\/wp-json\/wp\/v2\/comments?post=70096"}],"version-history":[{"count":1,"href":"https:\/\/lahora.mx\/index.php\/wp-json\/wp\/v2\/posts\/70096\/revisions"}],"predecessor-version":[{"id":70098,"href":"https:\/\/lahora.mx\/index.php\/wp-json\/wp\/v2\/posts\/70096\/revisions\/70098"}],"wp:featuredmedia":[{"embeddable":true,"href":"https:\/\/lahora.mx\/index.php\/wp-json\/wp\/v2\/media\/70097"}],"wp:attachment":[{"href":"https:\/\/lahora.mx\/index.php\/wp-json\/wp\/v2\/media?parent=70096"}],"wp:term":[{"taxonomy":"category","embeddable":true,"href":"https:\/\/lahora.mx\/index.php\/wp-json\/wp\/v2\/categories?post=70096"},{"taxonomy":"post_tag","embeddable":true,"href":"https:\/\/lahora.mx\/index.php\/wp-json\/wp\/v2\/tags?post=70096"}],"curies":[{"name":"wp","href":"https:\/\/api.w.org\/{rel}","templated":true}]}}