{"id":70084,"date":"2025-10-24T15:41:51","date_gmt":"2025-10-24T15:41:51","guid":{"rendered":"https:\/\/lahora.mx\/?p=70084"},"modified":"2025-10-24T15:41:52","modified_gmt":"2025-10-24T15:41:52","slug":"puebla-preve-lluvias-de-ligera-intensidad-y-fuertes-vientos-para-este-viernes","status":"publish","type":"post","link":"https:\/\/lahora.mx\/index.php\/2025\/10\/24\/puebla-preve-lluvias-de-ligera-intensidad-y-fuertes-vientos-para-este-viernes\/","title":{"rendered":"Puebla prev\u00e9 lluvias de ligera intensidad y fuertes vientos para este viernes"},"content":{"rendered":"\n<p>En el estado de Puebla se prev\u00e9n lluvias de ligera intensidad, as\u00ed como la presencia de muertes vientos en algunas zonas, mientras que el term\u00f3metro ser\u00e1 variado durante la tarde de este viernes 24 de octubre.<\/p>\n\n\n\n<p>Seg\u00fan el reporte de la Coordinaci\u00f3n de Protecci\u00f3n Civil, para este d\u00eda se esperan temperaturas m\u00e1ximas c\u00e1lidas de 22 a 25 grados cent\u00edgrados en Valle Serd\u00e1n, Valle de Atlixco y Angel\u00f3polis.<br><br>Las c\u00e1lidas ser\u00e1n de 26 a 28 grados cent\u00edgrados en Sierras Norte, Nororiental y Negra. Adem\u00e1s de la m\u00e1xima extrema de 29 grados cent\u00edgrados en la Mixteca poblana.<\/p>\n\n\n\n<p>Se prev\u00e9n lluvias de ligera intensidad, posible actividad el\u00e9ctrica, con acumulados de 2 a 5 mm., en Valle de Atlixco y Valle Serd\u00e1n. Sin lluvias esperadas en el resto del estado.<\/p>\n\n\n\n<p>A la par, se estiman vientos del noreste de 10 a 20 kil\u00f3metros por hora y rachas de hasta 30 kil\u00f3metros por hora en la mayor parte del estado.<\/p>\n\n\n\n<p>De acuerdo al pron\u00f3stico oficial del Servicio Meteorol\u00f3gico Nacional (SMN), habr\u00e1 20 ciclones tropicales, nombrados<\/p>\n\n\n\n<p>hasta la fecha 17 en el Oc\u00e9ano Pac\u00edfico y 13 de 17 en el Oc\u00e9ano Atl\u00e1ntico.<\/p>\n","protected":false},"excerpt":{"rendered":"<p>En el estado de Puebla se prev\u00e9n lluvias de ligera intensidad, as\u00ed como la presencia de muertes vientos en algunas zonas, mientras que el term\u00f3metro ser\u00e1 variado durante la tarde de este viernes 24 de octubre. Seg\u00fan el reporte de la Coordinaci\u00f3n de Protecci\u00f3n Civil, para este d\u00eda se esperan temperaturas m\u00e1ximas c\u00e1lidas de 22 [&hellip;]<\/p>\n","protected":false},"author":1,"featured_media":70085,"comment_status":"open","ping_status":"open","sticky":false,"template":"","format":"standard","meta":{"om_disable_all_campaigns":false,"_monsterinsights_skip_tracking":false,"_monsterinsights_sitenote_active":false,"_monsterinsights_sitenote_note":"","_monsterinsights_sitenote_category":0,"footnotes":""},"categories":[175],"tags":[195,223],"class_list":["post-70084","post","type-post","status-publish","format-standard","has-post-thumbnail","hentry","category-local","tag-principal","tag-puebla"],"amp_enabled":true,"_links":{"self":[{"href":"https:\/\/lahora.mx\/index.php\/wp-json\/wp\/v2\/posts\/70084","targetHints":{"allow":["GET"]}}],"collection":[{"href":"https:\/\/lahora.mx\/index.php\/wp-json\/wp\/v2\/posts"}],"about":[{"href":"https:\/\/lahora.mx\/index.php\/wp-json\/wp\/v2\/types\/post"}],"author":[{"embeddable":true,"href":"https:\/\/lahora.mx\/index.php\/wp-json\/wp\/v2\/users\/1"}],"replies":[{"embeddable":true,"href":"https:\/\/lahora.mx\/index.php\/wp-json\/wp\/v2\/comments?post=70084"}],"version-history":[{"count":1,"href":"https:\/\/lahora.mx\/index.php\/wp-json\/wp\/v2\/posts\/70084\/revisions"}],"predecessor-version":[{"id":70086,"href":"https:\/\/lahora.mx\/index.php\/wp-json\/wp\/v2\/posts\/70084\/revisions\/70086"}],"wp:featuredmedia":[{"embeddable":true,"href":"https:\/\/lahora.mx\/index.php\/wp-json\/wp\/v2\/media\/70085"}],"wp:attachment":[{"href":"https:\/\/lahora.mx\/index.php\/wp-json\/wp\/v2\/media?parent=70084"}],"wp:term":[{"taxonomy":"category","embeddable":true,"href":"https:\/\/lahora.mx\/index.php\/wp-json\/wp\/v2\/categories?post=70084"},{"taxonomy":"post_tag","embeddable":true,"href":"https:\/\/lahora.mx\/index.php\/wp-json\/wp\/v2\/tags?post=70084"}],"curies":[{"name":"wp","href":"https:\/\/api.w.org\/{rel}","templated":true}]}}