{"id":7008,"date":"2022-05-16T20:26:35","date_gmt":"2022-05-16T20:26:35","guid":{"rendered":"http:\/\/lahora.mx\/?p=7008"},"modified":"2022-05-16T20:26:35","modified_gmt":"2022-05-16T20:26:35","slug":"lo-ataron-de-manos-y-lo-calcinaron-en-tlaltenango","status":"publish","type":"post","link":"https:\/\/lahora.mx\/index.php\/2022\/05\/16\/lo-ataron-de-manos-y-lo-calcinaron-en-tlaltenango\/","title":{"rendered":"Lo ataron de manos y lo calcinaron en Tlaltenango"},"content":{"rendered":"\n<p><strong>Calcinado y maniatado&nbsp;<\/strong>fue hallado el cuerpo de un hombre en un paraje del municipio de&nbsp;<strong>Tlaltenango<\/strong>&nbsp;este fin de semana.<\/p>\n\n\n\n<p>Una llamada an\u00f3nima fue la que alert\u00f3 a polic\u00edas y param\u00e9dicos de la demarcaci\u00f3n por lo que los cuerpos de emergencia se trasladaron a la calle&nbsp;<strong>Camino Naciona<\/strong>l, en los l\u00edmites de Puebla con Tlaxcala.<\/p>\n\n\n\n<p>En el lugar los especialistas de la medicina y los agentes policiacos confirmaron la presencia del&nbsp;<strong>cad\u00e1ver de un hombre<\/strong>&nbsp;de alrededor de 35 a\u00f1os de edad, que estaba calcinado y a\u00fan atado de las manos, por lo que el \u00e1rea fue acordonada y resguardada hasta la llegada de los agentes ministeriales de la Fiscal\u00eda General del Estado de Puebla (FGE) a la cual se le dio parte de los hechos.<\/p>\n\n\n\n<p>Una vez que concluyeron las diligencias el cuerpo fue anotado en calidad de&nbsp;<strong>desconocido<\/strong>&nbsp;y enviado a la morgue para que mediante necropsia se establezca la causa de muerte, adem\u00e1s de que se espera que alg\u00fan familiar llegue a identificarlo.<\/p>\n\n\n\n<p>Por este crimen las autoridades ministeriales dieron inicio a la respectiva carpeta de investigaci\u00f3n para esclarecer los hechos.<\/p>\n","protected":false},"excerpt":{"rendered":"<p>Calcinado y maniatado&nbsp;fue hallado el cuerpo de un hombre en un paraje del municipio de&nbsp;Tlaltenango&nbsp;este fin de semana. Una llamada an\u00f3nima fue la que alert\u00f3 a polic\u00edas y param\u00e9dicos de la demarcaci\u00f3n por lo que los cuerpos de emergencia se trasladaron a la calle&nbsp;Camino Nacional, en los l\u00edmites de Puebla con Tlaxcala. En el lugar [&hellip;]<\/p>\n","protected":false},"author":4,"featured_media":7009,"comment_status":"open","ping_status":"open","sticky":false,"template":"","format":"standard","meta":{"om_disable_all_campaigns":false,"_monsterinsights_skip_tracking":false,"_monsterinsights_sitenote_active":false,"_monsterinsights_sitenote_note":"","_monsterinsights_sitenote_category":0,"footnotes":""},"categories":[175],"tags":[223],"class_list":["post-7008","post","type-post","status-publish","format-standard","has-post-thumbnail","hentry","category-local","tag-puebla"],"amp_enabled":true,"_links":{"self":[{"href":"https:\/\/lahora.mx\/index.php\/wp-json\/wp\/v2\/posts\/7008","targetHints":{"allow":["GET"]}}],"collection":[{"href":"https:\/\/lahora.mx\/index.php\/wp-json\/wp\/v2\/posts"}],"about":[{"href":"https:\/\/lahora.mx\/index.php\/wp-json\/wp\/v2\/types\/post"}],"author":[{"embeddable":true,"href":"https:\/\/lahora.mx\/index.php\/wp-json\/wp\/v2\/users\/4"}],"replies":[{"embeddable":true,"href":"https:\/\/lahora.mx\/index.php\/wp-json\/wp\/v2\/comments?post=7008"}],"version-history":[{"count":1,"href":"https:\/\/lahora.mx\/index.php\/wp-json\/wp\/v2\/posts\/7008\/revisions"}],"predecessor-version":[{"id":7010,"href":"https:\/\/lahora.mx\/index.php\/wp-json\/wp\/v2\/posts\/7008\/revisions\/7010"}],"wp:featuredmedia":[{"embeddable":true,"href":"https:\/\/lahora.mx\/index.php\/wp-json\/wp\/v2\/media\/7009"}],"wp:attachment":[{"href":"https:\/\/lahora.mx\/index.php\/wp-json\/wp\/v2\/media?parent=7008"}],"wp:term":[{"taxonomy":"category","embeddable":true,"href":"https:\/\/lahora.mx\/index.php\/wp-json\/wp\/v2\/categories?post=7008"},{"taxonomy":"post_tag","embeddable":true,"href":"https:\/\/lahora.mx\/index.php\/wp-json\/wp\/v2\/tags?post=7008"}],"curies":[{"name":"wp","href":"https:\/\/api.w.org\/{rel}","templated":true}]}}