{"id":70065,"date":"2025-10-24T01:31:08","date_gmt":"2025-10-24T01:31:08","guid":{"rendered":"https:\/\/lahora.mx\/?p=70065"},"modified":"2025-10-24T01:31:08","modified_gmt":"2025-10-24T01:31:08","slug":"sheinbaum-cancela-reunion-con-acreedores-de-salinas-pliego","status":"publish","type":"post","link":"https:\/\/lahora.mx\/index.php\/2025\/10\/24\/sheinbaum-cancela-reunion-con-acreedores-de-salinas-pliego\/","title":{"rendered":"Sheinbaum cancela reuni\u00f3n con acreedores de Salinas Pliego"},"content":{"rendered":"\n<p>La presidenta Claudia Sheinbaum ya no sostendr\u00e1 una reuni\u00f3n con los acreedores de Ricardo Salinas Pliego , como hab\u00eda anunciado semanas atr\u00e1s. En su lugar, el encuentro ser\u00e1 atendido por la procuradora Fiscal de la Federaci\u00f3n , Grisel Galeano , en coordinaci\u00f3n con la Secretar\u00eda de Hacienda .<\/p>\n\n\n\n<p>Hace tres semanas, la mandataria hab\u00eda confirmado su disposici\u00f3n a recibir a los representantes de los fondos que litigan contra el empresario en Estados Unidos por adeudos millonarios. En ese momento declar\u00f3: \u201c S\u00ed me voy a reunir con ellos \u201d, y adelant\u00f3 que se buscar\u00eda una fecha para la reuni\u00f3n. Sin embargo, este jueves, Sheinbaum inform\u00f3 que la situaci\u00f3n depender\u00e1 de la resoluci\u00f3n que emita un tribunal de la Ciudad de M\u00e9xico .<br><br>\u201cEstamos esperando c\u00f3mo resuelve el tribunal este tema. Le ped\u00ed a la procuradora fiscal y al secretario de Hacienda que sean ellos quienes atiendan a quienes solicitaron esta reuni\u00f3n\u201d, explic\u00f3.<\/p>\n\n\n\n<p>La mandataria fue consultada por la prensa sobre la reciente decisi\u00f3n judicial que revoc\u00f3 la suspensi\u00f3n de pagos de una deuda superior a los 500 millones de d\u00f3lares , lo que impacta directamente a empresas estadounidenses acreedoras de Grupo Salinas.<\/p>\n\n\n\n<p>Sheinbaum record\u00f3 que durante la pandemia, Salinas Pliego promovi\u00f3 un recurso ante un juez local, argumentando que no pod\u00eda cumplir con sus obligaciones financieras en Estados Unidos debido a la emergencia sanitaria. \u201cEn ese momento, el tribunal le dio la raz\u00f3n\u201d, explic\u00f3, lo que llev\u00f3 a los empresarios extranjeros a iniciar un arbitraje en M\u00e9xico .<\/p>\n\n\n\n<p>No obstante, seg\u00fan Sheinbaum, la nueva resoluci\u00f3n se\u00f1ala que \u201c ya no tiene raz\u00f3n; s\u00ed tiene que pagar \u201d, diferenciando entre las condiciones extraordinarias de la pandemia y la situaci\u00f3n actual. \u00abEso es lo que nos inform\u00f3. Aunque seguramente Salinas va a salir con un tuit diciendo que no es cierto\u00bb, ironiz\u00f3.<\/p>\n\n\n\n<p>Finalmente, se\u00f1al\u00f3 que a\u00fan hay otros procedimientos legales pendientes en los tribunales locales que deber\u00e1n resolverse en los pr\u00f3ximos d\u00edas o semanas. \u201cSi se resuelve en sentido contrario, entonces ya no tendr\u00eda validez la controversia, ni el arbitraje, porque el tema quedar\u00eda resuelto judicialmente en M\u00e9xico\u201d, concluy\u00f3.<\/p>\n","protected":false},"excerpt":{"rendered":"<p>La presidenta Claudia Sheinbaum ya no sostendr\u00e1 una reuni\u00f3n con los acreedores de Ricardo Salinas Pliego , como hab\u00eda anunciado semanas atr\u00e1s. En su lugar, el encuentro ser\u00e1 atendido por la procuradora Fiscal de la Federaci\u00f3n , Grisel Galeano , en coordinaci\u00f3n con la Secretar\u00eda de Hacienda . Hace tres semanas, la mandataria hab\u00eda confirmado [&hellip;]<\/p>\n","protected":false},"author":1,"featured_media":70066,"comment_status":"open","ping_status":"open","sticky":false,"template":"","format":"standard","meta":{"om_disable_all_campaigns":false,"_monsterinsights_skip_tracking":false,"_monsterinsights_sitenote_active":false,"_monsterinsights_sitenote_note":"","_monsterinsights_sitenote_category":0,"footnotes":""},"categories":[176,2],"tags":[],"class_list":["post-70065","post","type-post","status-publish","format-standard","has-post-thumbnail","hentry","category-nacional","category-negocios"],"amp_enabled":true,"_links":{"self":[{"href":"https:\/\/lahora.mx\/index.php\/wp-json\/wp\/v2\/posts\/70065","targetHints":{"allow":["GET"]}}],"collection":[{"href":"https:\/\/lahora.mx\/index.php\/wp-json\/wp\/v2\/posts"}],"about":[{"href":"https:\/\/lahora.mx\/index.php\/wp-json\/wp\/v2\/types\/post"}],"author":[{"embeddable":true,"href":"https:\/\/lahora.mx\/index.php\/wp-json\/wp\/v2\/users\/1"}],"replies":[{"embeddable":true,"href":"https:\/\/lahora.mx\/index.php\/wp-json\/wp\/v2\/comments?post=70065"}],"version-history":[{"count":1,"href":"https:\/\/lahora.mx\/index.php\/wp-json\/wp\/v2\/posts\/70065\/revisions"}],"predecessor-version":[{"id":70067,"href":"https:\/\/lahora.mx\/index.php\/wp-json\/wp\/v2\/posts\/70065\/revisions\/70067"}],"wp:featuredmedia":[{"embeddable":true,"href":"https:\/\/lahora.mx\/index.php\/wp-json\/wp\/v2\/media\/70066"}],"wp:attachment":[{"href":"https:\/\/lahora.mx\/index.php\/wp-json\/wp\/v2\/media?parent=70065"}],"wp:term":[{"taxonomy":"category","embeddable":true,"href":"https:\/\/lahora.mx\/index.php\/wp-json\/wp\/v2\/categories?post=70065"},{"taxonomy":"post_tag","embeddable":true,"href":"https:\/\/lahora.mx\/index.php\/wp-json\/wp\/v2\/tags?post=70065"}],"curies":[{"name":"wp","href":"https:\/\/api.w.org\/{rel}","templated":true}]}}