{"id":70059,"date":"2025-10-24T01:28:41","date_gmt":"2025-10-24T01:28:41","guid":{"rendered":"https:\/\/lahora.mx\/?p=70059"},"modified":"2025-10-24T01:28:42","modified_gmt":"2025-10-24T01:28:42","slug":"se-incendia-basurero-en-la-zona-de-arenales-coronado-pc-atiende","status":"publish","type":"post","link":"https:\/\/lahora.mx\/index.php\/2025\/10\/24\/se-incendia-basurero-en-la-zona-de-arenales-coronado-pc-atiende\/","title":{"rendered":"Se incendia basurero en la zona de Arenales, Coronado: PC atiende"},"content":{"rendered":"\n<p>La tarde este jueves, se registr\u00f3 un incendio de un basurero en la zona conocida como Arenales, perteneciente al municipio de Coronango, donde Protecci\u00f3n Civil (PC) asisti\u00f3 para mitigar los da\u00f1os ocasionados.<\/p>\n\n\n\n<p>Seg\u00fan un reporte emitido por las propias autoridades, en coordinaci\u00f3n con vulcanos de Cuautlancingo, Puebla, Xoxtla y del Estado, realizan labores de mitigaci\u00f3n de riesgos en un campo de cultivo de la Junta Auxiliar de San Antonio Mihuac\u00e1n.<br><br>Tras asistir al lugar para realizar labores, dieron a conocer que el siniestro afect\u00f3 \u00fanicamente material de desecho automotriz, sin que se reportaran personas lesionadas ni da\u00f1os a viviendas.<\/p>\n\n\n\n<p>De manera inmediata, el personal de las \u00e1reas encargadas asistieron el lugar, haciendo trabajos para disminuir las llamadas y evitar que se extendiera a otros puntos.<\/p>\n\n\n\n<p>El Gobierno de Coronango indic\u00f3 que ya no existen mayores riesgos, por lo que exhort\u00f3 a la poblaci\u00f3n en mantenerse atenta y reportar cualquier siniestro al 911.<\/p>\n","protected":false},"excerpt":{"rendered":"<p>La tarde este jueves, se registr\u00f3 un incendio de un basurero en la zona conocida como Arenales, perteneciente al municipio de Coronango, donde Protecci\u00f3n Civil (PC) asisti\u00f3 para mitigar los da\u00f1os ocasionados. Seg\u00fan un reporte emitido por las propias autoridades, en coordinaci\u00f3n con vulcanos de Cuautlancingo, Puebla, Xoxtla y del Estado, realizan labores de mitigaci\u00f3n [&hellip;]<\/p>\n","protected":false},"author":1,"featured_media":70060,"comment_status":"open","ping_status":"open","sticky":false,"template":"","format":"standard","meta":{"om_disable_all_campaigns":false,"_monsterinsights_skip_tracking":false,"_monsterinsights_sitenote_active":false,"_monsterinsights_sitenote_note":"","_monsterinsights_sitenote_category":0,"footnotes":""},"categories":[175,226],"tags":[223],"class_list":["post-70059","post","type-post","status-publish","format-standard","has-post-thumbnail","hentry","category-local","category-policia","tag-puebla"],"amp_enabled":true,"_links":{"self":[{"href":"https:\/\/lahora.mx\/index.php\/wp-json\/wp\/v2\/posts\/70059","targetHints":{"allow":["GET"]}}],"collection":[{"href":"https:\/\/lahora.mx\/index.php\/wp-json\/wp\/v2\/posts"}],"about":[{"href":"https:\/\/lahora.mx\/index.php\/wp-json\/wp\/v2\/types\/post"}],"author":[{"embeddable":true,"href":"https:\/\/lahora.mx\/index.php\/wp-json\/wp\/v2\/users\/1"}],"replies":[{"embeddable":true,"href":"https:\/\/lahora.mx\/index.php\/wp-json\/wp\/v2\/comments?post=70059"}],"version-history":[{"count":1,"href":"https:\/\/lahora.mx\/index.php\/wp-json\/wp\/v2\/posts\/70059\/revisions"}],"predecessor-version":[{"id":70061,"href":"https:\/\/lahora.mx\/index.php\/wp-json\/wp\/v2\/posts\/70059\/revisions\/70061"}],"wp:featuredmedia":[{"embeddable":true,"href":"https:\/\/lahora.mx\/index.php\/wp-json\/wp\/v2\/media\/70060"}],"wp:attachment":[{"href":"https:\/\/lahora.mx\/index.php\/wp-json\/wp\/v2\/media?parent=70059"}],"wp:term":[{"taxonomy":"category","embeddable":true,"href":"https:\/\/lahora.mx\/index.php\/wp-json\/wp\/v2\/categories?post=70059"},{"taxonomy":"post_tag","embeddable":true,"href":"https:\/\/lahora.mx\/index.php\/wp-json\/wp\/v2\/tags?post=70059"}],"curies":[{"name":"wp","href":"https:\/\/api.w.org\/{rel}","templated":true}]}}