{"id":70053,"date":"2025-10-24T01:25:32","date_gmt":"2025-10-24T01:25:32","guid":{"rendered":"https:\/\/lahora.mx\/?p=70053"},"modified":"2025-10-24T01:25:33","modified_gmt":"2025-10-24T01:25:33","slug":"ariadna-ayala-promueve-la-economia-local-con-venta-de-flor-de-temporada-en-atlixco","status":"publish","type":"post","link":"https:\/\/lahora.mx\/index.php\/2025\/10\/24\/ariadna-ayala-promueve-la-economia-local-con-venta-de-flor-de-temporada-en-atlixco\/","title":{"rendered":"Ariadna Ayala promueve la econom\u00eda local con venta de flor de temporada en Atlixco"},"content":{"rendered":"\n<p>La presidenta de Atlixco, Ariadna Ayala, invita a la poblaci\u00f3n y visitantes a participar en la venta tradicional de flor de cempas\u00fachil y productos de temporada de Todos Santos 2025, una de las tradiciones m\u00e1s esperadas en la Capital del D\u00eda de Muertos.<\/p>\n\n\n\n<p>Bajo la coordinaci\u00f3n del Ayuntamiento, a trav\u00e9s de la Direcci\u00f3n de Comercio y la Jefatura de Mercados, Tianguis y Plazuela del Productor Santa Rita, se informa que la Plazuela del Productor Santa Rita abrir\u00e1 su temporada de venta del 23 de octubre al 3 de noviembre, operando las 24 horas para recibir a productores y compradores de todo el pa\u00eds.<\/p>\n\n\n\n<p>Asimismo, los vendedores de jarros en el Tianguis Municipal iniciar\u00e1n su actividad del 17 de octubre al 1 de noviembre, mientras que el cierre general del tianguis se llevar\u00e1 a cabo del 25 de octubre al 1 de noviembre.<\/p>\n\n\n\n<p>En tanto, los comerciantes ubicados en las calles 5 Poniente y 3 Sur, a un costado del Mercado Benito Ju\u00e1rez, tambi\u00e9n ofrecer\u00e1n sus productos del 17 de octubre al 1 de noviembre, impulsando la econom\u00eda local como parte del compromiso de Ariadna Ayala con las y los atlixquenses.<\/p>\n\n\n\n<p>Finalmente, Ariadna Ayala, presidenta municipal de Atlixco, exhorta a la poblaci\u00f3n a utilizar v\u00edas alternas en las zonas de mayor afluencia, con el prop\u00f3sito de mantener una circulaci\u00f3n vial segura y ordenada durante esta importante temporada.<\/p>\n","protected":false},"excerpt":{"rendered":"<p>La presidenta de Atlixco, Ariadna Ayala, invita a la poblaci\u00f3n y visitantes a participar en la venta tradicional de flor de cempas\u00fachil y productos de temporada de Todos Santos 2025, una de las tradiciones m\u00e1s esperadas en la Capital del D\u00eda de Muertos. Bajo la coordinaci\u00f3n del Ayuntamiento, a trav\u00e9s de la Direcci\u00f3n de Comercio [&hellip;]<\/p>\n","protected":false},"author":1,"featured_media":70054,"comment_status":"open","ping_status":"open","sticky":false,"template":"","format":"standard","meta":{"om_disable_all_campaigns":false,"_monsterinsights_skip_tracking":false,"_monsterinsights_sitenote_active":false,"_monsterinsights_sitenote_note":"","_monsterinsights_sitenote_category":0,"footnotes":""},"categories":[175],"tags":[223],"class_list":["post-70053","post","type-post","status-publish","format-standard","has-post-thumbnail","hentry","category-local","tag-puebla"],"amp_enabled":true,"_links":{"self":[{"href":"https:\/\/lahora.mx\/index.php\/wp-json\/wp\/v2\/posts\/70053","targetHints":{"allow":["GET"]}}],"collection":[{"href":"https:\/\/lahora.mx\/index.php\/wp-json\/wp\/v2\/posts"}],"about":[{"href":"https:\/\/lahora.mx\/index.php\/wp-json\/wp\/v2\/types\/post"}],"author":[{"embeddable":true,"href":"https:\/\/lahora.mx\/index.php\/wp-json\/wp\/v2\/users\/1"}],"replies":[{"embeddable":true,"href":"https:\/\/lahora.mx\/index.php\/wp-json\/wp\/v2\/comments?post=70053"}],"version-history":[{"count":1,"href":"https:\/\/lahora.mx\/index.php\/wp-json\/wp\/v2\/posts\/70053\/revisions"}],"predecessor-version":[{"id":70055,"href":"https:\/\/lahora.mx\/index.php\/wp-json\/wp\/v2\/posts\/70053\/revisions\/70055"}],"wp:featuredmedia":[{"embeddable":true,"href":"https:\/\/lahora.mx\/index.php\/wp-json\/wp\/v2\/media\/70054"}],"wp:attachment":[{"href":"https:\/\/lahora.mx\/index.php\/wp-json\/wp\/v2\/media?parent=70053"}],"wp:term":[{"taxonomy":"category","embeddable":true,"href":"https:\/\/lahora.mx\/index.php\/wp-json\/wp\/v2\/categories?post=70053"},{"taxonomy":"post_tag","embeddable":true,"href":"https:\/\/lahora.mx\/index.php\/wp-json\/wp\/v2\/tags?post=70053"}],"curies":[{"name":"wp","href":"https:\/\/api.w.org\/{rel}","templated":true}]}}