{"id":7005,"date":"2022-05-16T20:22:26","date_gmt":"2022-05-16T20:22:26","guid":{"rendered":"http:\/\/lahora.mx\/?p=7005"},"modified":"2022-05-16T20:22:27","modified_gmt":"2022-05-16T20:22:27","slug":"abordo-de-un-automovil-sujetos-raptan-a-marta-y-a-victoria","status":"publish","type":"post","link":"https:\/\/lahora.mx\/index.php\/2022\/05\/16\/abordo-de-un-automovil-sujetos-raptan-a-marta-y-a-victoria\/","title":{"rendered":"Abordo de un autom\u00f3vil  sujetos raptan a Marta y a Victoria"},"content":{"rendered":"\n<p>Las\u00a0<strong>mujeres de la entidad poblana contin\u00faan siendo v\u00edctimas de \u2018levantones\u2019,<\/strong>\u00a0y ahora fue en el\u00a0<strong>municipio de Quimixtl\u00e1n<\/strong>\u00a0en donde reportaron que\u00a0<strong>Marta Noem\u00ed Ramos Luna<\/strong>\u00a0de 16 a\u00f1os y\u00a0<strong>Victoria Karina Luna Luna<\/strong>\u00a0de 17 a\u00f1os fueron subidas a la fuerza a un coche que se la llev\u00f3 con rumbo se dirig\u00edan a su escuela.<br>Cerca de las 9:30 horas del pasado jueves 12 de mayo,\u00a0<strong>Marta Noem\u00ed Ramos Luna y Victoria Karina Luna Luna<\/strong>\u00a0fueron vistas por \u00faltima vez, mientras caminaban por las calles de la junta auxiliar de Tlanepantla con direcci\u00f3n al bachillerato del municipio de\u00a0<strong>Quimixtl\u00e1n.<\/strong><br><\/p>\n\n\n\n<p>Se sabe que estas dos adolescentes fueron interceptadas por&nbsp;<strong>un grupo de hombres a bordo de un veh\u00edculo tipo Tsuru<\/strong>, de la marca Nissan, color negro, los cuales las subieron a la fuerza a esta unidad para llev\u00e1rselas con rumbo desconocido.<\/p>\n\n\n\n<p>De acuerdo con las&nbsp;<strong>primeras versiones, los testigos escucharon gritar a Marta Noem\u00ed y a Victoria Karina,<\/strong>&nbsp;sin embargo, fueron obligadas a subir al veh\u00edculo en el que se las llevaron.<\/p>\n\n\n\n<p>Ante esto, la\u00a0<strong>Fiscal\u00eda General del Estado<\/strong>\u00a0(FGE) inici\u00f3 la carpeta de investigaci\u00f3n FGEP\/CDI\/FEIDDFPDCP\/DESAPARECIDOS-I\/000496\/2022 y emiti\u00f3 un par de\u00a0<strong>Alertas Amber<\/strong>\u00a0para dar con los\u00a0<strong>paraderos de Marta Noem\u00ed Ramos Luna de 16 a\u00f1os y Victoria Karina Luna Luna de 17 a\u00f1os.<\/strong><br><\/p>\n\n\n\n<p>De manera extraoficial, se sabe que horas despu\u00e9s de que se reportaran las desapariciones de estas&nbsp;<strong>dos j\u00f3venes mujeres, el veh\u00edculo tipo Tsuru<\/strong>&nbsp;en el que se vio que las subieron a la fuerza fue&nbsp;<strong>encontrado chocado y abandonado<\/strong>.<\/p>\n\n\n\n<p>Adem\u00e1s, se sospecha que&nbsp;<strong>Marta Noem\u00ed Ramos Luna y Victoria Karina Luna Luna fueron llevadas al estado de Veracruz<\/strong>, debido a su cercan\u00eda con el municipio de Quimixtl\u00e1n.<\/p>\n","protected":false},"excerpt":{"rendered":"<p>Las\u00a0mujeres de la entidad poblana contin\u00faan siendo v\u00edctimas de \u2018levantones\u2019,\u00a0y ahora fue en el\u00a0municipio de Quimixtl\u00e1n\u00a0en donde reportaron que\u00a0Marta Noem\u00ed Ramos Luna\u00a0de 16 a\u00f1os y\u00a0Victoria Karina Luna Luna\u00a0de 17 a\u00f1os fueron subidas a la fuerza a un coche que se la llev\u00f3 con rumbo se dirig\u00edan a su escuela.Cerca de las 9:30 horas del pasado [&hellip;]<\/p>\n","protected":false},"author":4,"featured_media":7006,"comment_status":"open","ping_status":"open","sticky":false,"template":"","format":"standard","meta":{"om_disable_all_campaigns":false,"_monsterinsights_skip_tracking":false,"_monsterinsights_sitenote_active":false,"_monsterinsights_sitenote_note":"","_monsterinsights_sitenote_category":0,"footnotes":""},"categories":[175,226],"tags":[223],"class_list":["post-7005","post","type-post","status-publish","format-standard","has-post-thumbnail","hentry","category-local","category-policia","tag-puebla"],"amp_enabled":true,"_links":{"self":[{"href":"https:\/\/lahora.mx\/index.php\/wp-json\/wp\/v2\/posts\/7005","targetHints":{"allow":["GET"]}}],"collection":[{"href":"https:\/\/lahora.mx\/index.php\/wp-json\/wp\/v2\/posts"}],"about":[{"href":"https:\/\/lahora.mx\/index.php\/wp-json\/wp\/v2\/types\/post"}],"author":[{"embeddable":true,"href":"https:\/\/lahora.mx\/index.php\/wp-json\/wp\/v2\/users\/4"}],"replies":[{"embeddable":true,"href":"https:\/\/lahora.mx\/index.php\/wp-json\/wp\/v2\/comments?post=7005"}],"version-history":[{"count":1,"href":"https:\/\/lahora.mx\/index.php\/wp-json\/wp\/v2\/posts\/7005\/revisions"}],"predecessor-version":[{"id":7007,"href":"https:\/\/lahora.mx\/index.php\/wp-json\/wp\/v2\/posts\/7005\/revisions\/7007"}],"wp:featuredmedia":[{"embeddable":true,"href":"https:\/\/lahora.mx\/index.php\/wp-json\/wp\/v2\/media\/7006"}],"wp:attachment":[{"href":"https:\/\/lahora.mx\/index.php\/wp-json\/wp\/v2\/media?parent=7005"}],"wp:term":[{"taxonomy":"category","embeddable":true,"href":"https:\/\/lahora.mx\/index.php\/wp-json\/wp\/v2\/categories?post=7005"},{"taxonomy":"post_tag","embeddable":true,"href":"https:\/\/lahora.mx\/index.php\/wp-json\/wp\/v2\/tags?post=7005"}],"curies":[{"name":"wp","href":"https:\/\/api.w.org\/{rel}","templated":true}]}}