{"id":70038,"date":"2025-10-23T18:35:05","date_gmt":"2025-10-23T18:35:05","guid":{"rendered":"https:\/\/lahora.mx\/?p=70038"},"modified":"2025-10-23T18:35:06","modified_gmt":"2025-10-23T18:35:06","slug":"ariadna-ayala-refuerza-la-seguridad-en-atlixco-durante-la-temporada-de-dia-de-muertos","status":"publish","type":"post","link":"https:\/\/lahora.mx\/index.php\/2025\/10\/23\/ariadna-ayala-refuerza-la-seguridad-en-atlixco-durante-la-temporada-de-dia-de-muertos\/","title":{"rendered":"Ariadna Ayala refuerza la seguridad en Atlixco durante la temporada de d\u00eda de muertos"},"content":{"rendered":"\n<p>La presidenta de Atlixco, Ariadna Ayala, puso en marcha el Operativo de Seguridad para la temporada de D\u00eda de Muertos, con el prop\u00f3sito de garantizar la tranquilidad de productores, comerciantes, visitantes y familias locales durante una de las celebraciones m\u00e1s emblem\u00e1ticas del municipio.<\/p>\n\n\n\n<p>Ariadna Ayala destac\u00f3 que la seguridad es la prioridad n\u00famero uno en su administraci\u00f3n, y subray\u00f3 el orgullo de Atlixco por ser l\u00edder nacional en la producci\u00f3n de flor de cempas\u00fachil y terciopelo, con un crecimiento de 450 a 480 hect\u00e1reas cultivadas este a\u00f1o.<br><br>\u201cAgradecemos el respaldo del Gobierno Federal y Estatal; su apoyo fortalece nuestra estrategia y nos permite trabajar unidos por la seguridad de Atlixco\u201d, se\u00f1al\u00f3 la presidenta Ariadna Ayala.<\/p>\n\n\n\n<p>El operativo incluye m\u00f3dulos itinerantes de vigilancia y monitoreo, adem\u00e1s de patrullajes en las principales vialidades y zonas de comercializaci\u00f3n de flor.<\/p>\n\n\n\n<p>Con estas acciones, Ariadna Ayala reafirma su compromiso con la seguridad, el campo y la preservaci\u00f3n de las tradiciones que fortalecen el coraz\u00f3n de Atlixco.<\/p>\n","protected":false},"excerpt":{"rendered":"<p>La presidenta de Atlixco, Ariadna Ayala, puso en marcha el Operativo de Seguridad para la temporada de D\u00eda de Muertos, con el prop\u00f3sito de garantizar la tranquilidad de productores, comerciantes, visitantes y familias locales durante una de las celebraciones m\u00e1s emblem\u00e1ticas del municipio. Ariadna Ayala destac\u00f3 que la seguridad es la prioridad n\u00famero uno en [&hellip;]<\/p>\n","protected":false},"author":1,"featured_media":70039,"comment_status":"open","ping_status":"open","sticky":false,"template":"","format":"standard","meta":{"om_disable_all_campaigns":false,"_monsterinsights_skip_tracking":false,"_monsterinsights_sitenote_active":false,"_monsterinsights_sitenote_note":"","_monsterinsights_sitenote_category":0,"footnotes":""},"categories":[175,226],"tags":[223],"class_list":["post-70038","post","type-post","status-publish","format-standard","has-post-thumbnail","hentry","category-local","category-policia","tag-puebla"],"amp_enabled":true,"_links":{"self":[{"href":"https:\/\/lahora.mx\/index.php\/wp-json\/wp\/v2\/posts\/70038","targetHints":{"allow":["GET"]}}],"collection":[{"href":"https:\/\/lahora.mx\/index.php\/wp-json\/wp\/v2\/posts"}],"about":[{"href":"https:\/\/lahora.mx\/index.php\/wp-json\/wp\/v2\/types\/post"}],"author":[{"embeddable":true,"href":"https:\/\/lahora.mx\/index.php\/wp-json\/wp\/v2\/users\/1"}],"replies":[{"embeddable":true,"href":"https:\/\/lahora.mx\/index.php\/wp-json\/wp\/v2\/comments?post=70038"}],"version-history":[{"count":1,"href":"https:\/\/lahora.mx\/index.php\/wp-json\/wp\/v2\/posts\/70038\/revisions"}],"predecessor-version":[{"id":70040,"href":"https:\/\/lahora.mx\/index.php\/wp-json\/wp\/v2\/posts\/70038\/revisions\/70040"}],"wp:featuredmedia":[{"embeddable":true,"href":"https:\/\/lahora.mx\/index.php\/wp-json\/wp\/v2\/media\/70039"}],"wp:attachment":[{"href":"https:\/\/lahora.mx\/index.php\/wp-json\/wp\/v2\/media?parent=70038"}],"wp:term":[{"taxonomy":"category","embeddable":true,"href":"https:\/\/lahora.mx\/index.php\/wp-json\/wp\/v2\/categories?post=70038"},{"taxonomy":"post_tag","embeddable":true,"href":"https:\/\/lahora.mx\/index.php\/wp-json\/wp\/v2\/tags?post=70038"}],"curies":[{"name":"wp","href":"https:\/\/api.w.org\/{rel}","templated":true}]}}