{"id":70017,"date":"2025-10-23T17:21:13","date_gmt":"2025-10-23T17:21:13","guid":{"rendered":"https:\/\/lahora.mx\/?p=70017"},"modified":"2025-10-23T17:21:14","modified_gmt":"2025-10-23T17:21:14","slug":"sedif-acerca-talleres-de-prevencion-de-violencia-hacia-la-mujer","status":"publish","type":"post","link":"https:\/\/lahora.mx\/index.php\/2025\/10\/23\/sedif-acerca-talleres-de-prevencion-de-violencia-hacia-la-mujer\/","title":{"rendered":"SEDIF acerca talleres de prevenci\u00f3n de violencia hacia la mujer"},"content":{"rendered":"\n<p>A trav\u00e9s de las caravanas \u201cAlerta Familias\u201d, -estrategia estatal de prevenci\u00f3n que desarroll\u00f3 el Sistema Estatal DIF-, se imparten talleres dirigidos a mayores de 18 a\u00f1os, para sensibilizar, concientizar y visibilizar la violencia de g\u00e9nero hacia la mujer. Estas actividades se realizan los mi\u00e9rcoles en diferentes municipios, y tienen como sede los Centros LIBRE-Casas Carmen Serd\u00e1n.<\/p>\n\n\n\n<p>En esta ocasi\u00f3n, la pl\u00e1tica \u201cEl silencio de las mujeres \u00bfmito o realidad?\u201d tuvo como objetivo que las y los participantes de Puebla capital y Huejotzingo tomen conciencia del grado de riesgo al ejercer o padecer violencia, sobre todo porque hay una l\u00ednea delgada entre la realidad y el mito, y \u00e9sta es a partir de la formaci\u00f3n, educaci\u00f3n, estructura de pensamiento y creencias adquiridas.<br><br>Por lo anterior, la facilitadora del taller, Dulce Mar\u00eda Cuautle Aco, puntualiz\u00f3 que con las din\u00e1micas, se podr\u00e1n detectar los diferentes tipos de violencia, as\u00ed como los mitos y realidades que se visualizan desde un entorno familiar, laboral y social de cada persona, es decir, desde la diversidad de contextos culturales.<\/p>\n\n\n\n<p>Adem\u00e1s, mencion\u00f3 que la estrategia de \u201cAlerta Familias\u201d, que forma parte del Programa Atenci\u00f3n para los casos de Violencia de G\u00e9nero del SEDIF, permite detectar el problema, averiguar sus causas, predecir situaciones negativas e intervenir de acuerdo a estos factores. Al conocer los estereotipos, los signos de alarma, la aparici\u00f3n de riesgos para la integridad y salud de la persona, de la familia y la comunidad, se podr\u00e1 actuar para disminuir o eliminar sus efectos.<\/p>\n\n\n\n<p>Cuautle Aco hizo hincapi\u00e9 en que la importancia de estos talleres radica en lograr la eliminaci\u00f3n de factores como el miedo y la dependencia, con el prop\u00f3sito de poner fin al abuso que pueden sufrir mujeres de cualquier condici\u00f3n social.<\/p>\n","protected":false},"excerpt":{"rendered":"<p>A trav\u00e9s de las caravanas \u201cAlerta Familias\u201d, -estrategia estatal de prevenci\u00f3n que desarroll\u00f3 el Sistema Estatal DIF-, se imparten talleres dirigidos a mayores de 18 a\u00f1os, para sensibilizar, concientizar y visibilizar la violencia de g\u00e9nero hacia la mujer. Estas actividades se realizan los mi\u00e9rcoles en diferentes municipios, y tienen como sede los Centros LIBRE-Casas Carmen [&hellip;]<\/p>\n","protected":false},"author":1,"featured_media":70018,"comment_status":"open","ping_status":"open","sticky":false,"template":"","format":"standard","meta":{"om_disable_all_campaigns":false,"_monsterinsights_skip_tracking":false,"_monsterinsights_sitenote_active":false,"_monsterinsights_sitenote_note":"","_monsterinsights_sitenote_category":0,"footnotes":""},"categories":[175],"tags":[239,223],"class_list":["post-70017","post","type-post","status-publish","format-standard","has-post-thumbnail","hentry","category-local","tag-gobierno","tag-puebla"],"amp_enabled":true,"_links":{"self":[{"href":"https:\/\/lahora.mx\/index.php\/wp-json\/wp\/v2\/posts\/70017","targetHints":{"allow":["GET"]}}],"collection":[{"href":"https:\/\/lahora.mx\/index.php\/wp-json\/wp\/v2\/posts"}],"about":[{"href":"https:\/\/lahora.mx\/index.php\/wp-json\/wp\/v2\/types\/post"}],"author":[{"embeddable":true,"href":"https:\/\/lahora.mx\/index.php\/wp-json\/wp\/v2\/users\/1"}],"replies":[{"embeddable":true,"href":"https:\/\/lahora.mx\/index.php\/wp-json\/wp\/v2\/comments?post=70017"}],"version-history":[{"count":1,"href":"https:\/\/lahora.mx\/index.php\/wp-json\/wp\/v2\/posts\/70017\/revisions"}],"predecessor-version":[{"id":70019,"href":"https:\/\/lahora.mx\/index.php\/wp-json\/wp\/v2\/posts\/70017\/revisions\/70019"}],"wp:featuredmedia":[{"embeddable":true,"href":"https:\/\/lahora.mx\/index.php\/wp-json\/wp\/v2\/media\/70018"}],"wp:attachment":[{"href":"https:\/\/lahora.mx\/index.php\/wp-json\/wp\/v2\/media?parent=70017"}],"wp:term":[{"taxonomy":"category","embeddable":true,"href":"https:\/\/lahora.mx\/index.php\/wp-json\/wp\/v2\/categories?post=70017"},{"taxonomy":"post_tag","embeddable":true,"href":"https:\/\/lahora.mx\/index.php\/wp-json\/wp\/v2\/tags?post=70017"}],"curies":[{"name":"wp","href":"https:\/\/api.w.org\/{rel}","templated":true}]}}