{"id":70014,"date":"2025-10-23T17:18:14","date_gmt":"2025-10-23T17:18:14","guid":{"rendered":"https:\/\/lahora.mx\/?p=70014"},"modified":"2025-10-23T17:18:15","modified_gmt":"2025-10-23T17:18:15","slug":"nueva-imagen-para-el-deportivo-quetzalcoatl-en-san-andres-cholula","status":"publish","type":"post","link":"https:\/\/lahora.mx\/index.php\/2025\/10\/23\/nueva-imagen-para-el-deportivo-quetzalcoatl-en-san-andres-cholula\/","title":{"rendered":"Nueva imagen para el Deportivo Quetzalc\u00f3atl en San Andr\u00e9s Cholula"},"content":{"rendered":"\n<p>La presidenta municipal de San Andr\u00e9s Cholula, Guadalupe Cuautle Torres cumpli\u00f3 su palabra y realiz\u00f3 la entrega de la rehabilitaci\u00f3n de la Unidad Deportiva Quetzalc\u00f3atl, la cual entreg\u00f3 a los deportistas y j\u00f3venes de la cabecera municipal.<\/p>\n\n\n\n<p>Visiblemente emocionada por cambiar la imagen de este espacio, dignificarlo para los deportistas, Cuautle Torres dijo que hoy todos los sanandrese\u00f1os podr\u00e1n disfrutar de este espacio no s\u00f3lo para estar en familia sino porque en este escenario se han forjado deportistas que han logrado trascender.<br><br>\u201cEmpezamos con los trabajos de este campo deportivo y me encontraba ilusionada, esta es una obra que tiene gran significado para los ni\u00f1os y hoy verla concluida, con todos los detalles, como lo hab\u00edamos so\u00f1ado, este espacio es de ustedes, este espacio es para que hagan deporte y creemos en ustedes\u201d.<\/p>\n\n\n\n<p>Esta obra se concret\u00f3 con una inversi\u00f3n superior a los 21 millones de pesos y se rehabilitaron los ejercitadores, luminarias, m\u00f3dulo administrativo, cuarto de m\u00e1quinas, sanitarios, adem\u00e1s del cambio del pasto sint\u00e9tico y de la pista de tart\u00e1n.<\/p>\n\n\n\n<p>Destac\u00f3 que con estas acciones mantendr\u00e1n el impulso al deporte, a que los j\u00f3venes se enfoquen en actividades sanas, de esta manera con m\u00fasica de banda se dio paso a la inauguraci\u00f3n de este espacio.<\/p>\n","protected":false},"excerpt":{"rendered":"<p>La presidenta municipal de San Andr\u00e9s Cholula, Guadalupe Cuautle Torres cumpli\u00f3 su palabra y realiz\u00f3 la entrega de la rehabilitaci\u00f3n de la Unidad Deportiva Quetzalc\u00f3atl, la cual entreg\u00f3 a los deportistas y j\u00f3venes de la cabecera municipal. Visiblemente emocionada por cambiar la imagen de este espacio, dignificarlo para los deportistas, Cuautle Torres dijo que hoy [&hellip;]<\/p>\n","protected":false},"author":1,"featured_media":70015,"comment_status":"open","ping_status":"open","sticky":false,"template":"","format":"standard","meta":{"om_disable_all_campaigns":false,"_monsterinsights_skip_tracking":false,"_monsterinsights_sitenote_active":false,"_monsterinsights_sitenote_note":"","_monsterinsights_sitenote_category":0,"footnotes":""},"categories":[175],"tags":[234,195],"class_list":["post-70014","post","type-post","status-publish","format-standard","has-post-thumbnail","hentry","category-local","tag-cholula","tag-principal"],"amp_enabled":true,"_links":{"self":[{"href":"https:\/\/lahora.mx\/index.php\/wp-json\/wp\/v2\/posts\/70014","targetHints":{"allow":["GET"]}}],"collection":[{"href":"https:\/\/lahora.mx\/index.php\/wp-json\/wp\/v2\/posts"}],"about":[{"href":"https:\/\/lahora.mx\/index.php\/wp-json\/wp\/v2\/types\/post"}],"author":[{"embeddable":true,"href":"https:\/\/lahora.mx\/index.php\/wp-json\/wp\/v2\/users\/1"}],"replies":[{"embeddable":true,"href":"https:\/\/lahora.mx\/index.php\/wp-json\/wp\/v2\/comments?post=70014"}],"version-history":[{"count":1,"href":"https:\/\/lahora.mx\/index.php\/wp-json\/wp\/v2\/posts\/70014\/revisions"}],"predecessor-version":[{"id":70016,"href":"https:\/\/lahora.mx\/index.php\/wp-json\/wp\/v2\/posts\/70014\/revisions\/70016"}],"wp:featuredmedia":[{"embeddable":true,"href":"https:\/\/lahora.mx\/index.php\/wp-json\/wp\/v2\/media\/70015"}],"wp:attachment":[{"href":"https:\/\/lahora.mx\/index.php\/wp-json\/wp\/v2\/media?parent=70014"}],"wp:term":[{"taxonomy":"category","embeddable":true,"href":"https:\/\/lahora.mx\/index.php\/wp-json\/wp\/v2\/categories?post=70014"},{"taxonomy":"post_tag","embeddable":true,"href":"https:\/\/lahora.mx\/index.php\/wp-json\/wp\/v2\/tags?post=70014"}],"curies":[{"name":"wp","href":"https:\/\/api.w.org\/{rel}","templated":true}]}}