{"id":70004,"date":"2025-10-23T01:31:25","date_gmt":"2025-10-23T01:31:25","guid":{"rendered":"https:\/\/lahora.mx\/?p=70004"},"modified":"2025-10-23T01:31:26","modified_gmt":"2025-10-23T01:31:26","slug":"construccion-de-cablebus-en-puebla-iniciara-en-noviembre-armenta","status":"publish","type":"post","link":"https:\/\/lahora.mx\/index.php\/2025\/10\/23\/construccion-de-cablebus-en-puebla-iniciara-en-noviembre-armenta\/","title":{"rendered":"Construcci\u00f3n de Cableb\u00fas en Puebla iniciar\u00e1 en noviembre: Armenta"},"content":{"rendered":"\n<p>Ser\u00e1 a partir del pr\u00f3ximo mes de noviembre cuando el Gobierno del Estado de Puebla comience con la construcci\u00f3n de las cuatro l\u00edneas del Sistema Cableb\u00fas en la Angel\u00f3polis.<\/p>\n\n\n\n<p>Lo anterior fue confirmado por el mandatario estatal, Alejandro Armenta Mier, durante la supervisi\u00f3n de obras que llev\u00f3 a cabo este mi\u00e9rcoles 22 de octubre en la Calzada Zavaleta, donde se realiza el reencarpetamiento de la misma.<br><br>En entrevista con los medios de comunicaci\u00f3n, detall\u00f3 que dicho proyecto cuenta con recursos suficientes y que no ser\u00e1 necesario contratar alguna deuda ni comprometer las finanzas p\u00fablicas.<\/p>\n\n\n\n<p>\u00abNo vamos a pedir un solo peso prestado ni afectar las finanzas de Puebla\u00bb, declar\u00f3 Alejandro Armenta.<\/p>\n\n\n\n<p>Dej\u00f3 en claro que su gobierno no recurrir\u00e1 a endeudamiento ni a esquemas de Asociaci\u00f3n P\u00fablico Privada (APP), tal y como sucedi\u00f3 en anteriores administraciones.<\/p>\n\n\n\n<p>Por el contrario, expres\u00f3 que su administraci\u00f3n est\u00e1 liquidando la deuda del Museo Internacional del Barroco (MIB), \u201cla cual, manten\u00eda comprometidos recursos p\u00fablicos\u201d.<\/p>\n\n\n\n<p>\u00bfQuieres mantenerte a tanto de todas las noticias hoy en Puebla? \u00a1Explora m\u00e1s en nuestro portal ahora mismo!<\/p>\n","protected":false},"excerpt":{"rendered":"<p>Ser\u00e1 a partir del pr\u00f3ximo mes de noviembre cuando el Gobierno del Estado de Puebla comience con la construcci\u00f3n de las cuatro l\u00edneas del Sistema Cableb\u00fas en la Angel\u00f3polis. Lo anterior fue confirmado por el mandatario estatal, Alejandro Armenta Mier, durante la supervisi\u00f3n de obras que llev\u00f3 a cabo este mi\u00e9rcoles 22 de octubre en [&hellip;]<\/p>\n","protected":false},"author":1,"featured_media":70005,"comment_status":"open","ping_status":"open","sticky":false,"template":"","format":"standard","meta":{"om_disable_all_campaigns":false,"_monsterinsights_skip_tracking":false,"_monsterinsights_sitenote_active":false,"_monsterinsights_sitenote_note":"","_monsterinsights_sitenote_category":0,"footnotes":""},"categories":[175],"tags":[239,195,223],"class_list":["post-70004","post","type-post","status-publish","format-standard","has-post-thumbnail","hentry","category-local","tag-gobierno","tag-principal","tag-puebla"],"amp_enabled":true,"_links":{"self":[{"href":"https:\/\/lahora.mx\/index.php\/wp-json\/wp\/v2\/posts\/70004","targetHints":{"allow":["GET"]}}],"collection":[{"href":"https:\/\/lahora.mx\/index.php\/wp-json\/wp\/v2\/posts"}],"about":[{"href":"https:\/\/lahora.mx\/index.php\/wp-json\/wp\/v2\/types\/post"}],"author":[{"embeddable":true,"href":"https:\/\/lahora.mx\/index.php\/wp-json\/wp\/v2\/users\/1"}],"replies":[{"embeddable":true,"href":"https:\/\/lahora.mx\/index.php\/wp-json\/wp\/v2\/comments?post=70004"}],"version-history":[{"count":1,"href":"https:\/\/lahora.mx\/index.php\/wp-json\/wp\/v2\/posts\/70004\/revisions"}],"predecessor-version":[{"id":70006,"href":"https:\/\/lahora.mx\/index.php\/wp-json\/wp\/v2\/posts\/70004\/revisions\/70006"}],"wp:featuredmedia":[{"embeddable":true,"href":"https:\/\/lahora.mx\/index.php\/wp-json\/wp\/v2\/media\/70005"}],"wp:attachment":[{"href":"https:\/\/lahora.mx\/index.php\/wp-json\/wp\/v2\/media?parent=70004"}],"wp:term":[{"taxonomy":"category","embeddable":true,"href":"https:\/\/lahora.mx\/index.php\/wp-json\/wp\/v2\/categories?post=70004"},{"taxonomy":"post_tag","embeddable":true,"href":"https:\/\/lahora.mx\/index.php\/wp-json\/wp\/v2\/tags?post=70004"}],"curies":[{"name":"wp","href":"https:\/\/api.w.org\/{rel}","templated":true}]}}