{"id":69989,"date":"2025-10-22T19:29:12","date_gmt":"2025-10-22T19:29:12","guid":{"rendered":"https:\/\/lahora.mx\/?p=69989"},"modified":"2025-10-22T19:29:13","modified_gmt":"2025-10-22T19:29:13","slug":"la-semana-de-la-prevencion-y-la-seguridad-llega-a-san-pedro-cholula","status":"publish","type":"post","link":"https:\/\/lahora.mx\/index.php\/2025\/10\/22\/la-semana-de-la-prevencion-y-la-seguridad-llega-a-san-pedro-cholula\/","title":{"rendered":"La Semana de la Prevenci\u00f3n y la Seguridad llega a San Pedro Cholula"},"content":{"rendered":"\n<p>Con el objetivo de generar espacios seguros y fortalecer la cultura de la prevenci\u00f3n entre la comunidad estudiantil, la Secretar\u00eda de Seguridad Ciudadana de San Pedro Cholula dio inicio a la Semana de la Prevenci\u00f3n y la Seguridad en el Centro Educativo Camino Real.<\/p>\n\n\n\n<p>Durante esta jornada, alumnas y alumnos de nivel preescolar, primaria, secundaria y bachillerato participar\u00e1n en diversas actividades informativas, demostrativas y recreativas enfocadas en la prevenci\u00f3n del delito, la seguridad vial y el autocuidado.<br><br>Estas acciones se realizan en coordinaci\u00f3n con la Secretar\u00eda de Marina, la Guardia Nacional, el Comando Can\u00f3filo de la Secretar\u00eda de Seguridad P\u00fablica, Bomberos del Estado de Puebla, as\u00ed como con personal de Prevenci\u00f3n del Delito y Atenci\u00f3n a V\u00edctimas, Vialidad Municipal, el Centro de Comando y Control C2, el Grupo T\u00e1ctico de la Secretar\u00eda de Seguridad Ciudadana de San Pedro Cholula y Protecci\u00f3n Civil Municipal.<\/p>\n\n\n\n<p>A lo largo de la semana, la comunidad estudiantil podr\u00e1 conocer de cerca la importante labor que desempe\u00f1an las distintas corporaciones que colaboran en esta iniciativa, las cuales trabajan todos los d\u00edas por la seguridad y el bienestar de las familias cholultecas.<\/p>\n\n\n\n<p>Con este tipo de estrategias, el gobierno municipal que encabeza la presidenta Tonantzin Fern\u00e1ndez, en coordinaci\u00f3n con el Gobierno del Estado que lidera el gobernador Alejandro Armenta, reafirma su compromiso con las ni\u00f1as, ni\u00f1os y j\u00f3venes de San Pedro Cholula, impulsando entornos escolares m\u00e1s seguros y promoviendo valores de convivencia y responsabilidad social.<\/p>\n","protected":false},"excerpt":{"rendered":"<p>Con el objetivo de generar espacios seguros y fortalecer la cultura de la prevenci\u00f3n entre la comunidad estudiantil, la Secretar\u00eda de Seguridad Ciudadana de San Pedro Cholula dio inicio a la Semana de la Prevenci\u00f3n y la Seguridad en el Centro Educativo Camino Real. Durante esta jornada, alumnas y alumnos de nivel preescolar, primaria, secundaria [&hellip;]<\/p>\n","protected":false},"author":1,"featured_media":69990,"comment_status":"open","ping_status":"open","sticky":false,"template":"","format":"standard","meta":{"om_disable_all_campaigns":false,"_monsterinsights_skip_tracking":false,"_monsterinsights_sitenote_active":false,"_monsterinsights_sitenote_note":"","_monsterinsights_sitenote_category":0,"footnotes":""},"categories":[175,226],"tags":[223],"class_list":["post-69989","post","type-post","status-publish","format-standard","has-post-thumbnail","hentry","category-local","category-policia","tag-puebla"],"amp_enabled":true,"_links":{"self":[{"href":"https:\/\/lahora.mx\/index.php\/wp-json\/wp\/v2\/posts\/69989","targetHints":{"allow":["GET"]}}],"collection":[{"href":"https:\/\/lahora.mx\/index.php\/wp-json\/wp\/v2\/posts"}],"about":[{"href":"https:\/\/lahora.mx\/index.php\/wp-json\/wp\/v2\/types\/post"}],"author":[{"embeddable":true,"href":"https:\/\/lahora.mx\/index.php\/wp-json\/wp\/v2\/users\/1"}],"replies":[{"embeddable":true,"href":"https:\/\/lahora.mx\/index.php\/wp-json\/wp\/v2\/comments?post=69989"}],"version-history":[{"count":1,"href":"https:\/\/lahora.mx\/index.php\/wp-json\/wp\/v2\/posts\/69989\/revisions"}],"predecessor-version":[{"id":69991,"href":"https:\/\/lahora.mx\/index.php\/wp-json\/wp\/v2\/posts\/69989\/revisions\/69991"}],"wp:featuredmedia":[{"embeddable":true,"href":"https:\/\/lahora.mx\/index.php\/wp-json\/wp\/v2\/media\/69990"}],"wp:attachment":[{"href":"https:\/\/lahora.mx\/index.php\/wp-json\/wp\/v2\/media?parent=69989"}],"wp:term":[{"taxonomy":"category","embeddable":true,"href":"https:\/\/lahora.mx\/index.php\/wp-json\/wp\/v2\/categories?post=69989"},{"taxonomy":"post_tag","embeddable":true,"href":"https:\/\/lahora.mx\/index.php\/wp-json\/wp\/v2\/tags?post=69989"}],"curies":[{"name":"wp","href":"https:\/\/api.w.org\/{rel}","templated":true}]}}