{"id":6991,"date":"2022-05-16T14:37:51","date_gmt":"2022-05-16T14:37:51","guid":{"rendered":"http:\/\/lahora.mx\/?p=6991"},"modified":"2022-05-16T14:37:52","modified_gmt":"2022-05-16T14:37:52","slug":"que-paguen-sus-gastos-menciona-gobierno-de-pero-ante-situacion-en-reclusorios","status":"publish","type":"post","link":"https:\/\/lahora.mx\/index.php\/2022\/05\/16\/que-paguen-sus-gastos-menciona-gobierno-de-pero-ante-situacion-en-reclusorios\/","title":{"rendered":"Que paguen sus gastos menciona gobierno de Pero ante situaci\u00f3n en reclusorios"},"content":{"rendered":"\n<p>El gobierno de Peru busca hacer que los reos generen sus propios ingresos para cubrir sus gastos dentro de los reclusorios.<br><strong>Pedro Castillo<\/strong>, presidente peruano, anunci\u00f3 el pasado viernes 13 de mayo que su gobierno presentar\u00e1 ante el\u00a0<strong>Congreso<\/strong>\u00a0un proyecto de ley para que las\u00a0<strong>personas en las c\u00e1rceles se mantengan a s\u00ed mismas.<\/strong><br><\/p>\n\n\n\n<p>Desde su tiempo como candidato presidencial en 2021 como representante de Per\u00fa Libre, Castillo ya hab\u00eda se\u00f1alado sus planes para&nbsp;<strong>cambiar las din\u00e1micas en la prisi\u00f3n.<\/strong>&nbsp;En aquel momento, se\u00f1al\u00f3 que las c\u00e1rceles deber\u00edan de&nbsp;<strong>convertirse en talleres&nbsp;<\/strong>donde los reos trabajen para poder acceder a sus alimentos.<\/p>\n\n\n\n<p>\u201cEn nuestro gobierno no m\u00e1s c\u00e1rceles, tienen que convertirse en lugares de investigaci\u00f3n, en talleres, pero las personas que delinquen y que est\u00e1n adentro de las c\u00e1rceles tienen que aprender a comer el pan con el sudor de su frente\u201d, asegur\u00f3 en un evento durante 2021.<br><\/p>\n\n\n\n<p>Durante el debate presidencial Castillo volvi\u00f3 a referirse al tema como una cr\u00edtica a las&nbsp;<strong>garant\u00edas que reciben los presos<\/strong>&nbsp;a comparaci\u00f3n de otros grupos. \u201cC\u00f3mo es posible que el Gobierno a los que delinquen les da desayuno, almuerzo, cena, un abogado de oficio, tel\u00e9fono, agua y luz, y nuestros hijos, all\u00e1 en las escuelas, no tienen ni siquiera una oportunidad de conectividad para estar con sus maestros\u201d, critic\u00f3.<\/p>\n\n\n\n<p>De acuerdo con cifras del pa\u00eds, para&nbsp;<strong>mayo de 2021<\/strong>&nbsp;se encontraban&nbsp;<strong>86,825 personas detenidas<\/strong>&nbsp;en los&nbsp;<strong>69 penales<\/strong>&nbsp;que se encuentra en&nbsp;<strong>Per\u00fa<\/strong>. Esto supon\u00eda un grave problema debido a que la capacidad de los albergues se estima en&nbsp;<strong>41,211,&nbsp;<\/strong>es decir que viven una sobrepoblaci\u00f3n del 111 por ciento.<\/p>\n\n\n\n<p>En especial, las prisiones en la capital de&nbsp;<strong>Lima<\/strong>&nbsp;son las que m\u00e1s afectadas se ven por esto debido a que sus prisiones tienen espacio para&nbsp;<strong>17,695 personas<\/strong>, pero la cantidad de encarcelados es de&nbsp;<strong>41,651<\/strong>.<\/p>\n\n\n\n<p>Al ser un grave problema dentro del pa\u00eds, desde el 2021 los&nbsp;<strong>gobiernos han buscado alternativas<\/strong>, medias y nuevas v\u00edas en infraestructura para mejorar su capacidad en los penales. Gracias a varios proyectos, se espera que la&nbsp;<strong>capacidad aumente en 7,151<\/strong>&nbsp;al realizarse trabajos en las c\u00e1rceles de Arequipa, Cajamarca, Chimbote, Chincha, Lampa,<\/p>\n","protected":false},"excerpt":{"rendered":"<p>El gobierno de Peru busca hacer que los reos generen sus propios ingresos para cubrir sus gastos dentro de los reclusorios.Pedro Castillo, presidente peruano, anunci\u00f3 el pasado viernes 13 de mayo que su gobierno presentar\u00e1 ante el\u00a0Congreso\u00a0un proyecto de ley para que las\u00a0personas en las c\u00e1rceles se mantengan a s\u00ed mismas. Desde su tiempo como [&hellip;]<\/p>\n","protected":false},"author":4,"featured_media":6992,"comment_status":"open","ping_status":"open","sticky":false,"template":"","format":"standard","meta":{"om_disable_all_campaigns":false,"_monsterinsights_skip_tracking":false,"_monsterinsights_sitenote_active":false,"_monsterinsights_sitenote_note":"","_monsterinsights_sitenote_category":0,"footnotes":""},"categories":[183],"tags":[],"class_list":["post-6991","post","type-post","status-publish","format-standard","has-post-thumbnail","hentry","category-internacional"],"amp_enabled":true,"_links":{"self":[{"href":"https:\/\/lahora.mx\/index.php\/wp-json\/wp\/v2\/posts\/6991","targetHints":{"allow":["GET"]}}],"collection":[{"href":"https:\/\/lahora.mx\/index.php\/wp-json\/wp\/v2\/posts"}],"about":[{"href":"https:\/\/lahora.mx\/index.php\/wp-json\/wp\/v2\/types\/post"}],"author":[{"embeddable":true,"href":"https:\/\/lahora.mx\/index.php\/wp-json\/wp\/v2\/users\/4"}],"replies":[{"embeddable":true,"href":"https:\/\/lahora.mx\/index.php\/wp-json\/wp\/v2\/comments?post=6991"}],"version-history":[{"count":1,"href":"https:\/\/lahora.mx\/index.php\/wp-json\/wp\/v2\/posts\/6991\/revisions"}],"predecessor-version":[{"id":6993,"href":"https:\/\/lahora.mx\/index.php\/wp-json\/wp\/v2\/posts\/6991\/revisions\/6993"}],"wp:featuredmedia":[{"embeddable":true,"href":"https:\/\/lahora.mx\/index.php\/wp-json\/wp\/v2\/media\/6992"}],"wp:attachment":[{"href":"https:\/\/lahora.mx\/index.php\/wp-json\/wp\/v2\/media?parent=6991"}],"wp:term":[{"taxonomy":"category","embeddable":true,"href":"https:\/\/lahora.mx\/index.php\/wp-json\/wp\/v2\/categories?post=6991"},{"taxonomy":"post_tag","embeddable":true,"href":"https:\/\/lahora.mx\/index.php\/wp-json\/wp\/v2\/tags?post=6991"}],"curies":[{"name":"wp","href":"https:\/\/api.w.org\/{rel}","templated":true}]}}