{"id":69889,"date":"2025-10-20T23:45:42","date_gmt":"2025-10-20T23:45:42","guid":{"rendered":"https:\/\/lahora.mx\/?p=69889"},"modified":"2025-10-21T00:05:39","modified_gmt":"2025-10-21T00:05:39","slug":"comparece-agua-de-puebla-en-congreso-local-presenta-avances","status":"publish","type":"post","link":"https:\/\/lahora.mx\/index.php\/2025\/10\/20\/comparece-agua-de-puebla-en-congreso-local-presenta-avances\/","title":{"rendered":"Comparece Agua de Puebla en Congreso Local: presenta avances"},"content":{"rendered":"\n<p>En el marco de la comparecencia de Agua de Puebla ante el Congreso del Estado, la empresa present\u00f3 los avances operativos y financieros alcanzados durante 2025, destacando la mejora en la cobertura, la eficiencia en el servicio, la atenci\u00f3n a usuarios y la coordinaci\u00f3n con los distintos niveles de gobierno para garantizar el derecho humano al agua.<\/p>\n\n\n\n<p>De enero a septiembre de 2025, Agua de Puebla logr\u00f3 consolidar la operaci\u00f3n del ciclo integral del agua, con una producci\u00f3n promedio de 3,760 litros por segundo y la operaci\u00f3n de 210 pozos activos.<br>Se ejecutaron m\u00e1s de 1,500 mantenimientos a equipos de bombeo, 2,300 acciones preventivas en instalaciones y la limpieza de 1,464 kil\u00f3metros de red de drenaje, beneficiando a 98 mil habitantes de zonas vulnerables.<br><br>Gracias a los programas de mejora operativa, 269 colonias cuentan hoy con servicio de agua potable cuatro d\u00edas o m\u00e1s a la semana, con un incremento del 11% en la presi\u00f3n de red respecto a 2014.<\/p>\n\n\n\n<p>Durante el periodo 2022\u20132024, se ejercieron 2,095 millones de pesos en infraestructura h\u00eddrica, distribuidos en proyectos de distribuci\u00f3n (32%), conducci\u00f3n (25%) y saneamiento (19%).<br>Para el trienio 2025\u20132027, el plan de inversi\u00f3n asciende a 795 millones de pesos, enfocados en sectorizaci\u00f3n, saneamiento y agua nueva, alineados con el Plan H\u00eddrico Nacional del Rescate del R\u00edo Atoyac.<\/p>\n\n\n\n<p>Estas acciones refuerzan la capacidad operativa y la eficiencia f\u00edsica del sistema, garantizando un servicio sustentable para la poblaci\u00f3n.<\/p>\n\n\n\n<p>Agua de Puebla mantiene una agenda de trabajo coordinada con el Gobierno del Estado, el SOAPAP, Conagua, CFE, Pemex, la Secretar\u00eda de Infraestructura y los Ayuntamientos, mediante mesas t\u00e9cnicas semanales, reuniones tripartitas y participaci\u00f3n activa en el Comit\u00e9 Estatal de Lluvias \u201cTl\u00e1loc\u201d.<\/p>\n\n\n\n<p>Esta articulaci\u00f3n ha permitido acelerar la atenci\u00f3n de emergencias, como la registrada el pasado 28 de septiembre por la crecida del r\u00edo Atoyac, que afect\u00f3 la planta \u201cPaseo del R\u00edo\u201d.<\/p>\n\n\n\n<p>La empresa report\u00f3 su restablecimiento total en menos de tres semanas, tras la rehabilitaci\u00f3n de siete motores principales y la reactivaci\u00f3n de los procesos de saneamiento.<\/p>\n\n\n\n<p>A trav\u00e9s del Laboratorio Acreditado por la Entidad Mexicana de Acreditaci\u00f3n (EMA)y en coordinaci\u00f3n con la Secretar\u00eda de Salud, se realizaron m\u00e1s de 12 mil monitoreos de la calidad del agua potable y 550 an\u00e1lisis trimestrales, en cumplimiento con las normas NOM-127-SSA1-2021 y NOM-179-SSA1-2020.<\/p>\n\n\n\n<p>Paralelamente, la empresa implementa programas sociales de apoyo a usuarios vulnerables, beneficiando a 75 mil 422 personas entre adultos mayores, pensionados, viudas y personas con discapacidad, adem\u00e1s de 37 tarifas preferenciales a instituciones de asistencia social.<\/p>\n\n\n\n<p>Con la creaci\u00f3n de la Gerencia de Vinculaci\u00f3n Social y Defensa del Ciudadano y del Agua, Agua de Puebla refuerza su pol\u00edtica de cercan\u00eda, empat\u00eda y acci\u00f3n social, contribuyendo a una gesti\u00f3n m\u00e1s transparente y orientada al servicio p\u00fablico.<\/p>\n\n\n\n<p>En representaci\u00f3n del Gobierno del Estado, se reconoci\u00f3 el trabajo conjunto entre los tres \u00f3rdenes de gobierno y la empresa concesionaria para avanzar hacia una gesti\u00f3n moderna, eficiente y con sentido social, que garantice agua de calidad y saneamiento adecuado para todas las familias poblanas.<\/p>\n","protected":false},"excerpt":{"rendered":"<p>En el marco de la comparecencia de Agua de Puebla ante el Congreso del Estado, la empresa present\u00f3 los avances operativos y financieros alcanzados durante 2025, destacando la mejora en la cobertura, la eficiencia en el servicio, la atenci\u00f3n a usuarios y la coordinaci\u00f3n con los distintos niveles de gobierno para garantizar el derecho humano [&hellip;]<\/p>\n","protected":false},"author":1,"featured_media":69890,"comment_status":"open","ping_status":"open","sticky":false,"template":"","format":"standard","meta":{"om_disable_all_campaigns":false,"_monsterinsights_skip_tracking":false,"_monsterinsights_sitenote_active":false,"_monsterinsights_sitenote_note":"","_monsterinsights_sitenote_category":0,"footnotes":""},"categories":[175],"tags":[227,223],"class_list":["post-69889","post","type-post","status-publish","format-standard","has-post-thumbnail","hentry","category-local","tag-congreso","tag-puebla"],"amp_enabled":true,"_links":{"self":[{"href":"https:\/\/lahora.mx\/index.php\/wp-json\/wp\/v2\/posts\/69889","targetHints":{"allow":["GET"]}}],"collection":[{"href":"https:\/\/lahora.mx\/index.php\/wp-json\/wp\/v2\/posts"}],"about":[{"href":"https:\/\/lahora.mx\/index.php\/wp-json\/wp\/v2\/types\/post"}],"author":[{"embeddable":true,"href":"https:\/\/lahora.mx\/index.php\/wp-json\/wp\/v2\/users\/1"}],"replies":[{"embeddable":true,"href":"https:\/\/lahora.mx\/index.php\/wp-json\/wp\/v2\/comments?post=69889"}],"version-history":[{"count":1,"href":"https:\/\/lahora.mx\/index.php\/wp-json\/wp\/v2\/posts\/69889\/revisions"}],"predecessor-version":[{"id":69891,"href":"https:\/\/lahora.mx\/index.php\/wp-json\/wp\/v2\/posts\/69889\/revisions\/69891"}],"wp:featuredmedia":[{"embeddable":true,"href":"https:\/\/lahora.mx\/index.php\/wp-json\/wp\/v2\/media\/69890"}],"wp:attachment":[{"href":"https:\/\/lahora.mx\/index.php\/wp-json\/wp\/v2\/media?parent=69889"}],"wp:term":[{"taxonomy":"category","embeddable":true,"href":"https:\/\/lahora.mx\/index.php\/wp-json\/wp\/v2\/categories?post=69889"},{"taxonomy":"post_tag","embeddable":true,"href":"https:\/\/lahora.mx\/index.php\/wp-json\/wp\/v2\/tags?post=69889"}],"curies":[{"name":"wp","href":"https:\/\/api.w.org\/{rel}","templated":true}]}}